{"id":20606,"date":"2025-04-28T11:56:24","date_gmt":"2025-04-28T10:56:24","guid":{"rendered":"http:\/\/biztonsagosveszprem.hu\/?p=20606"},"modified":"2025-04-29T12:02:37","modified_gmt":"2025-04-29T11:02:37","slug":"heti-kozlekedes-biztonsagi-osszefoglalo-26","status":"publish","type":"post","link":"http:\/\/biztonsagosveszprem.hu\/?p=20606","title":{"rendered":"Heti k\u00f6zleked\u00e9s-biztons\u00e1gi \u00f6sszefoglal\u00f3"},"content":{"rendered":"<p style=\"text-align: center;\"><strong>2025. \u00e1prilis 27.<\/strong><\/p>\n<p>A Veszpr\u00e9mi Rend\u0151rkapit\u00e1nys\u00e1g illet\u00e9kess\u00e9gi ter\u00fclet\u00e9n 2025. \u00e1prilis 21-\u00e9n 0 \u00f3r\u00e1t\u00f3l \u00e1prilis 27-\u00e9n 24 \u00f3r\u00e1ig 4 szem\u00e9lyi s\u00e9r\u00fcl\u00e9ssel j\u00e1r\u00f3 k\u00f6z\u00fati k\u00f6zleked\u00e9si baleset t\u00f6rt\u00e9nt. H\u00e1rom s\u00falyos s\u00e9r\u00fcl\u00e9ses k\u00f6z\u00fati k\u00f6zleked\u00e9si balesetben h\u00e1rom szem\u00e9ly s\u00falyos, egy szem\u00e9ly pedig k\u00f6nny\u0171 s\u00e9r\u00fcl\u00e9seket szenvedett. Egy k\u00f6nny\u0171 s\u00e9r\u00fcl\u00e9ses k\u00f6z\u00fati k\u00f6zleked\u00e9si balesetben egy szem\u00e9ly szenvedett k\u00f6nny\u0171 s\u00e9r\u00fcl\u00e9seket. A veszpr\u00e9mi rend\u0151r\u00f6k 7 anyagi k\u00e1rral v\u00e9gz\u0151d\u0151 k\u00f6z\u00fati k\u00f6zleked\u00e9si baleset helysz\u00edn\u00e9n int\u00e9zkedtek. Az el\u0151z\u0151 \u00e9v ezen id\u0151szak\u00e1ban szem\u00e9lyi s\u00e9r\u00fcl\u00e9ses k\u00f6z\u00fati k\u00f6zleked\u00e9si baleset nem t\u00f6rt\u00e9nt. El\u0151z\u0151 \u00e9v ezen id\u0151szak\u00e1ban tizenegy anyagi k\u00e1rral v\u00e9gz\u0151d\u0151 balesetn\u00e9l kellett int\u00e9zkedn\u00fcnk.<\/p>\n<p>2024.04.21. &#8211; 2024.04.27.<\/p>\n<ul>\n<li>Hal\u00e1los 0<\/li>\n<li>S\u00falyos 0<\/li>\n<li>K\u00f6nny\u0171 0<\/li>\n<\/ul>\n<p>2025.04.21. &#8211; 2025.04.27.<\/p>\n<ul>\n<li>Hal\u00e1los 0<\/li>\n<li>S\u00falyos 3<\/li>\n<li>K\u00f6nny\u0171 1<\/li>\n<\/ul>\n<p><u>Balesetek megoszl\u00e1sa KRESZ szab\u00e1lyszeg\u00e9s szerint:<\/u><br \/>\n2 esetben: sebess\u00e9g nem megfelel\u0151 alkalmaz\u00e1sa<br \/>\n1 esetben: figyelmetlen, gondatlan vezet\u00e9s<br \/>\n1 esetben: els\u0151bbs\u00e9g meg nem ad\u00e1sa k\u00f6z\u00fati jelz\u0151t\u00e1bla utas\u00edt\u00e1sa ellen\u00e9re<\/p>\n<p><em><strong>Nagy Di\u00e1k KRESZ-teszt<\/strong><\/em><\/p>\n<ul>\n<li>2025. m\u00e1jus 5-ig lehet m\u00e9g kit\u00f6lteni a<em> \u201eNagy Di\u00e1k KRESZ-tesztet\u201d,<\/em>amelyhez csak egy regisztr\u00e1ci\u00f3 sz\u00fcks\u00e9ges.\u00a0<strong>Az id\u00e9n 9. alkalommal meghirdetett vet\u00e9lked\u0151t <\/strong>az ORFK-Orsz\u00e1gos Balesetmegel\u0151z\u00e9si Bizotts\u00e1g (ORFK-OBB), az E-Educatio Inform\u00e1ci\u00f3technol\u00f3gia Zrt., a Webjogsi.hu \u00e9s a KRESZ TV t\u00e1mogatja. A \u201eNagy Di\u00e1k KRESZ-teszt\u201d 9. els\u0151 fordul\u00f3j\u00e1t b\u00e1rki kit\u00f6ltheti a\u00a0<a href=\"http:\/\/www.nagydiaktesztek.hu\">www.nagydiaktesztek.hu<\/a> oldalon vagy a Nagy Di\u00e1k Tesztek applik\u00e1ci\u00f3n kereszt\u00fcl, azonban a nyerem\u00e9nyj\u00e1t\u00e9kban csak a <strong>14-24 \u00e9v k\u00f6z\u00f6tti fiatalok<\/strong> vehetnek r\u00e9szt. A regisztr\u00e1ci\u00f3t k\u00f6vet\u0151en egy komplett KRESZ-tesztet kell kit\u00f6lteni, ahol sz\u00f6veges, k\u00e9pes \u00e9s vide\u00f3s k\u00e9rd\u00e9sek megv\u00e1laszol\u00e1s\u00e1val kell bizony\u00edtani a k\u00f6zleked\u00e9si szab\u00e1lyok ismeret\u00e9t.<\/li>\n<\/ul>\n<p>Az online teszt kit\u00f6lt\u0151i k\u00f6z\u00fcl a legjobb eredm\u00e9nyt el\u00e9r\u0151 j\u00e1t\u00e9kosok jutnak be a szem\u00e9lyes r\u00e9szv\u00e9tel\u0171 k\u00f6z\u00e9pd\u00f6nt\u0151be, a<strong>mit 2025. m\u00e1jus-j\u00fanius\u00e1ban Budapesten,<\/strong>\u00a0az \u00fajpesti UP Rendezv\u00e9nyt\u00e9rben rendeznek meg. Itt zajlik majd az orsz\u00e1gos j\u00e1t\u00e9k d\u00f6nt\u0151je is, ahov\u00e1 a k\u00f6z\u00e9pd\u00f6nt\u0151b\u0151l a legjobb 5-5 j\u00e1t\u00e9kos jut be. \u0150k egy izgalmas t\u00e9v\u00e9s kv\u00edzben m\u00e9rhetik \u00f6ssze tud\u00e1sukat \u00e9s sz\u00e1llhatnak versenybe a f\u0151d\u00edjak\u00e9rt a d\u00f6nt\u0151ben.<\/p>\n<p>&nbsp;<\/p>\n","protected":false},"excerpt":{"rendered":"<p>2025. \u00e1prilis 27. A Veszpr\u00e9mi Rend\u0151rkapit\u00e1nys\u00e1g illet\u00e9kess\u00e9gi ter\u00fclet\u00e9n 2025. \u00e1prilis 21-\u00e9n 0 \u00f3r\u00e1t\u00f3l \u00e1prilis 27-\u00e9n 24 \u00f3r\u00e1ig 4 szem\u00e9lyi s\u00e9r\u00fcl\u00e9ssel j\u00e1r\u00f3 k\u00f6z\u00fati k\u00f6zleked\u00e9si baleset t\u00f6rt\u00e9nt. H\u00e1rom s\u00falyos s\u00e9r\u00fcl\u00e9ses k\u00f6z\u00fati k\u00f6zleked\u00e9si balesetben h\u00e1rom szem\u00e9ly s\u00falyos, egy szem\u00e9ly pedig k\u00f6nny\u0171 s\u00e9r\u00fcl\u00e9seket szenvedett. &hellip; <a href=\"http:\/\/biztonsagosveszprem.hu\/?p=20606\">Egy kattint\u00e1s ide a folytat\u00e1shoz&#8230;. <span class=\"meta-nav\">&rarr;<\/span><\/a><\/p>\n","protected":false},"author":1,"featured_media":0,"comment_status":"closed","ping_status":"open","sticky":false,"template":"","format":"standard","meta":[],"categories":[4,3],"tags":[],"_links":{"self":[{"href":"http:\/\/biztonsagosveszprem.hu\/index.php?rest_route=\/wp\/v2\/posts\/20606"}],"collection":[{"href":"http:\/\/biztonsagosveszprem.hu\/index.php?rest_route=\/wp\/v2\/posts"}],"about":[{"href":"http:\/\/biztonsagosveszprem.hu\/index.php?rest_route=\/wp\/v2\/types\/post"}],"author":[{"embeddable":true,"href":"http:\/\/biztonsagosveszprem.hu\/index.php?rest_route=\/wp\/v2\/users\/1"}],"replies":[{"embeddable":true,"href":"http:\/\/biztonsagosveszprem.hu\/index.php?rest_route=%2Fwp%2Fv2%2Fcomments&post=20606"}],"version-history":[{"count":1,"href":"http:\/\/biztonsagosveszprem.hu\/index.php?rest_route=\/wp\/v2\/posts\/20606\/revisions"}],"predecessor-version":[{"id":20607,"href":"http:\/\/biztonsagosveszprem.hu\/index.php?rest_route=\/wp\/v2\/posts\/20606\/revisions\/20607"}],"wp:attachment":[{"href":"http:\/\/biztonsagosveszprem.hu\/index.php?rest_route=%2Fwp%2Fv2%2Fmedia&parent=20606"}],"wp:term":[{"taxonomy":"category","embeddable":true,"href":"http:\/\/biztonsagosveszprem.hu\/index.php?rest_route=%2Fwp%2Fv2%2Fcategories&post=20606"},{"taxonomy":"post_tag","embeddable":true,"href":"http:\/\/biztonsagosveszprem.hu\/index.php?rest_route=%2Fwp%2Fv2%2Ftags&post=20606"}],"curies":[{"name":"wp","href":"https:\/\/api.w.org\/{rel}","templated":true}]}}