{"id":20597,"date":"2025-04-14T08:49:45","date_gmt":"2025-04-14T07:49:45","guid":{"rendered":"http:\/\/biztonsagosveszprem.hu\/?p=20597"},"modified":"2025-04-17T08:54:43","modified_gmt":"2025-04-17T07:54:43","slug":"radios-hirek-2","status":"publish","type":"post","link":"http:\/\/biztonsagosveszprem.hu\/?p=20597","title":{"rendered":"R\u00e1di\u00f3s h\u00edrek"},"content":{"rendered":"<p style=\"text-align: center;\"><strong>2025. \u00e1prilis 14.<\/strong><\/p>\n<p>A Veszpr\u00e9mi Rend\u0151rkapit\u00e1nys\u00e1g illet\u00e9kess\u00e9gi ter\u00fclet\u00e9n 2025. \u00e1prilis 7-\u00e9n 0 \u00f3r\u00e1t\u00f3l \u00e1prilis 13-\u00e1n 24 \u00f3r\u00e1ig 2 szem\u00e9lyi s\u00e9r\u00fcl\u00e9ssel j\u00e1r\u00f3 k\u00f6z\u00fati k\u00f6zleked\u00e9si baleset t\u00f6rt\u00e9nt. Egy s\u00falyos s\u00e9r\u00fcl\u00e9ses k\u00f6z\u00fati k\u00f6zleked\u00e9si balesetben egy szem\u00e9ly s\u00e9r\u00fclt meg s\u00falyosan. Egy k\u00f6nny\u0171 s\u00e9r\u00fcl\u00e9ses k\u00f6z\u00fati k\u00f6zleked\u00e9si balesetben egy szem\u00e9ly szenvedett k\u00f6nny\u0171 s\u00e9r\u00fcl\u00e9seket. A veszpr\u00e9mi rend\u0151r\u00f6k 9 anyagi k\u00e1rral v\u00e9gz\u0151d\u0151 k\u00f6z\u00fati k\u00f6zleked\u00e9si baleset helysz\u00edn\u00e9n int\u00e9zkedtek. Az el\u0151z\u0151 \u00e9v ezen id\u0151szak\u00e1ban h\u00e1rom k\u00f6nny\u0171 s\u00e9r\u00fcl\u00e9ses k\u00f6z\u00fati k\u00f6zleked\u00e9si baleset t\u00f6rt\u00e9nt. El\u0151z\u0151 \u00e9v ezen id\u0151szak\u00e1ban h\u00e9t anyagi k\u00e1rral v\u00e9gz\u0151d\u0151 balesetn\u00e9l kellett int\u00e9zkedn\u00fcnk.<\/p>\n<p>2024.04.07. &#8211; 2024.04.13.<\/p>\n<ul>\n<li>Hal\u00e1los 0<\/li>\n<li>S\u00falyos 0<\/li>\n<li>K\u00f6nny\u0171 3<\/li>\n<\/ul>\n<p>2025.04.07. &#8211; 2025.04.13.<\/p>\n<ul>\n<li>Hal\u00e1los 0<\/li>\n<li>S\u00falyos 1<\/li>\n<li>K\u00f6nny\u0171 1<\/li>\n<\/ul>\n<p><u>Balesetek megoszl\u00e1sa KRESZ szab\u00e1lyszeg\u00e9s szerint:<\/u><\/p>\n<p>1 esetben: els\u0151bbs\u00e9g meg nem ad\u00e1sa gyalogosnak gyalog\u00e1tkel\u0151 helyen<br \/>\n1 esetben: sebess\u00e9g nem megfelel\u0151 alkalmaz\u00e1sa<\/p>\n<p><strong>M\u00c1V-OBB rajzp\u00e1ly\u00e1zat<\/strong><\/p>\n<p>A M\u00c1V \u00e9s az ORFK-Orsz\u00e1gos Balesetmegel\u0151z\u00e9si Bizotts\u00e1g k\u00f6z\u00f6s \u00f3ri\u00e1splak\u00e1t-tervez\u0151 p\u00e1ly\u00e1zatot hirdet k\u00f6z\u00e9piskol\u00e1soknak. Tervezz \u00f3ri\u00e1splak\u00e1tot, h\u00edvd fel a k\u00f6zleked\u0151k figyelm\u00e9t, hogy vas\u00fati \u00e1tj\u00e1r\u00f3hoz k\u00f6zelednek. Az \u00f3ri\u00e1splak\u00e1t felirata: VIGY\u00c1ZZ! VAS\u00daTI \u00c1TJ\u00c1R\u00d3!<br \/>\nA M\u00c1V a 2022 \u00e1prilis\u00e1ban \u201e\u00c9rj haza biztons\u00e1gban!\u201d c\u00edmmel elind\u00edtott vas\u00fatbiztons\u00e1gi<strong>\u00a0kamp\u00e1ny kezdete \u00f3ta m\u0171k\u00f6dteti a www.mavcsoport.hu\/erjhaza oldalt.<\/strong>\u00a0 Az oldalon elrettent\u0151 baleseti helysz\u00edni fot\u00f3kat, magyar\u00e1z\u00f3- \u00e9s alap vas\u00fatbiztons\u00e1gi inform\u00e1ci\u00f3kat, \u00e9s a t\u00e9m\u00e1ban k\u00e9sz\u00fclt saj\u00e1t vide\u00f3kat mutatnak meg. A vas\u00fati \u00e1tj\u00e1r\u00f3s balesetek magas sz\u00e1ma miatt 2022. m\u00e1jus 3-\u00e1n a mozdonyvezet\u0151k ny\u00edlt lev\u00e9lben fordultak a k\u00f6z\u00fati k\u00f6zleked\u0151kh\u00f6z.<br \/>\n<strong>Tavaly ny\u00e1ron \u00fajabb elemekkel b\u0151v\u00edtette a vas\u00fatt\u00e1rsas\u00e1g<\/strong>\u00a0a vas\u00fatbiztons\u00e1gi kamp\u00e1ny\u00e1t a vas\u00fati \u00e1tj\u00e1r\u00f3kban t\u00f6rt\u00e9nt balesetek sz\u00e1m\u00e1nak a cs\u00f6kkent\u00e9s\u00e9\u00e9rt. Ezek egyike volt, hogy\u00a0<em>H\u00e4rtlein K\u00e1roly<\/em>\u00a0a BME Fizikai Int\u00e9zet sokak \u00e1ltal ismert mesteroktat\u00f3j\u00e1nak k\u00f6zrem\u0171k\u00f6d\u00e9s\u00e9vel, S\u00cdN-T\u00c9R c\u00edmmel ismeretterjeszt\u0151 r\u00f6vidfilmeket k\u00e9sz\u00edtettek a szab\u00e1lyk\u00f6vet\u0151 k\u00f6zleked\u00e9s fontoss\u00e1g\u00e1ra. Az egyik vide\u00f3ban bemutatt\u00e1k, hogy a vas\u00fati j\u00e1rm\u0171vek f\u00e9kt\u00e1vols\u00e1ga t\u00f6bbsz\u00e1z m\u00e9ter, ez\u00e9rt a vonatok hirtelen meg\u00e1ll\u00edt\u00e1sa es\u00e9lytelen. Sz\u00e1mtalan baleset oka a \u201em\u00e9g \u00e1t\u00e9rek\u201d l\u00e1t\u00e1sm\u00f3d, amikor a s\u00edneken \u00e1tkel\u0151 gyalogos vagy aut\u00f3s rosszul m\u00e9ri fel a k\u00f6zeled\u0151 vonat sebess\u00e9g\u00e9t \u00e9s a vonat f\u00e9k\u00fatj\u00e1t.<br \/>\nEgy id\u00e9n febru\u00e1ri, \u201eMozdonyvezet\u0151 vagyok, \u00e9s nyolc embert \u00fct\u00f6ttem el\u201d c\u00edm\u0171 podcastben szint\u00e9n szerepelt\u00a0<em>H\u00e4rtlein K\u00e1roly<\/em>\u00a0mesteroktat\u00f3, aki\u00a0<em>Moln\u00e1r P\u00e9ter<\/em>\u00a0mozdonyvezet\u0151vel k\u00f6z\u00f6sen besz\u00e9lgetett a vas\u00fat figyelmetlen k\u00f6zleked\u0151kre jelentett vesz\u00e9lyeir\u0151l, ugyancsak azzal a c\u00e9llal, hogy\u00a0<strong>a figyelmes k\u00f6zleked\u00e9s fontoss\u00e1g\u00e1ra eml\u00e9keztesse az aut\u00f3kat,<\/strong>\u00a0ker\u00e9kp\u00e1rosokat, gyalogosokat, ak\u00e1r feln\u0151ttek vagy ak\u00e1r m\u00e9g fiatalok, gyerekek. A tavalyi kamp\u00e1nyakci\u00f3nak \u00e9s t\u00f6bbek k\u00f6z\u00f6tt a vide\u00f3sorozatnak is k\u00f6sz\u00f6nhet\u0151en a balesetmegel\u0151z\u00e9s ter\u00e9n v\u00e9gzett tev\u00e9kenys\u00e9g\u00e9\u00e9rt a M\u00c1V elnyerte \u201eAz \u00e9v k\u00f6zleked\u00e9sbiztons\u00e1gi t\u00e1rsadalmi felel\u0151ss\u00e9gv\u00e1llal\u00f3ja 2024\u201d c\u00edmet.<br \/>\n<strong>Id\u00e9n m\u00e1rcius v\u00e9g\u00e9ig m\u00e1r 13 \u00fagynevezett idegenhib\u00e1s \u00fat\u00e1tj\u00e1r\u00f3s baleset t\u00f6rt\u00e9nt<\/strong>\u00a0a KRESZ szab\u00e1lyainak megszeg\u00e9se miatt. 2025-ben a figyelmetlen vezet\u00e9s miatt 5 \u00e9rtelmetlen hal\u00e1leset k\u00f6vetkezett be. Ez\u00e9rt a M\u00c1V \u00e9s az ORFK-Orsz\u00e1gos Balesetmegel\u0151z\u00e9si Bizotts\u00e1g k\u00f6z\u00f6s<strong>\u00a0\u00f3ri\u00e1splak\u00e1t-tervez\u0151 p\u00e1ly\u00e1zatot hirdet k\u00f6z\u00e9piskol\u00e1soknak, amelynek t\u00e9m\u00e1ja a biztons\u00e1gos k\u00f6zleked\u00e9s,<\/strong>\u00a0c\u00e9lja pedig a k\u00f6zleked\u0151k figyelemfelh\u00edv\u00e1sa arra, hogy vas\u00fati \u00e1tj\u00e1r\u00f3hoz k\u00f6zelednek. A p\u00e1ly\u00e1zatra k\u00e9t kateg\u00f3ri\u00e1ban\u00a0<a href=\"https:\/\/www.mavcsoport.hu\/oriasplakat_palyazat\">jelentkezhetnek<\/a>\u00a0a 14-20 \u00e9v k\u00f6z\u00f6tti k\u00f6z\u00e9piskol\u00e1s di\u00e1kok. A p\u00e1ly\u00e1zati ki\u00edr\u00e1s szerint a digit\u00e1lis kateg\u00f3ri\u00e1ban elektronikus eszk\u00f6zzel k\u00e9sz\u00edtett plak\u00e1ttervek, m\u00edg a k\u00e9zzel k\u00e9sz\u00edtett kateg\u00f3ri\u00e1ban a szabadk\u00e9zzel rajzolt p\u00e1lyam\u0171veket v\u00e1rj\u00e1k a szervez\u0151k.<br \/>\nA p\u00e1ly\u00e1zaton mindk\u00e9t kateg\u00f3ri\u00e1ban hirdetnek els\u0151, m\u00e1sodik \u00e9s harmadik helyezettet. A nyerem\u00e9nyt\u00e1rgyak mell\u00e9 minden nyertes<strong>\u00a0M\u00c1V-csoportos \u00e9s ORFK-OBB-<\/strong>s meglepet\u00e9s aj\u00e1nd\u00e9kt\u00e1rgyakat rejt\u0151 h\u00e1tizs\u00e1kot is kap. Az els\u0151 helyezettek alkot\u00e1sai \u00f3ri\u00e1splak\u00e1tokon jelennek meg a M\u00c1V-csoport ter\u00fclet\u00e9n. A p\u00e1ly\u00e1zattal kapcsolatos \u00f6sszes inform\u00e1ci\u00f3 \u00e9s a jelentkez\u00e9s felt\u00e9telei el\u00e9rhet\u0151k\u00a0\u00a0<a href=\"https:\/\/www.mavcsoport.hu\/oriasplakat_palyazat\">a M\u00c1V honlapj\u00e1n<\/a>.<\/p>\n<p>(Forr\u00e1s: kreszvaltozas.hu)<\/p>\n","protected":false},"excerpt":{"rendered":"<p>2025. \u00e1prilis 14. A Veszpr\u00e9mi Rend\u0151rkapit\u00e1nys\u00e1g illet\u00e9kess\u00e9gi ter\u00fclet\u00e9n 2025. \u00e1prilis 7-\u00e9n 0 \u00f3r\u00e1t\u00f3l \u00e1prilis 13-\u00e1n 24 \u00f3r\u00e1ig 2 szem\u00e9lyi s\u00e9r\u00fcl\u00e9ssel j\u00e1r\u00f3 k\u00f6z\u00fati k\u00f6zleked\u00e9si baleset t\u00f6rt\u00e9nt. Egy s\u00falyos s\u00e9r\u00fcl\u00e9ses k\u00f6z\u00fati k\u00f6zleked\u00e9si balesetben egy szem\u00e9ly s\u00e9r\u00fclt meg s\u00falyosan. Egy k\u00f6nny\u0171 s\u00e9r\u00fcl\u00e9ses k\u00f6z\u00fati &hellip; <a href=\"http:\/\/biztonsagosveszprem.hu\/?p=20597\">Egy kattint\u00e1s ide a folytat\u00e1shoz&#8230;. <span class=\"meta-nav\">&rarr;<\/span><\/a><\/p>\n","protected":false},"author":1,"featured_media":0,"comment_status":"closed","ping_status":"open","sticky":false,"template":"","format":"standard","meta":[],"categories":[4,3],"tags":[],"_links":{"self":[{"href":"http:\/\/biztonsagosveszprem.hu\/index.php?rest_route=\/wp\/v2\/posts\/20597"}],"collection":[{"href":"http:\/\/biztonsagosveszprem.hu\/index.php?rest_route=\/wp\/v2\/posts"}],"about":[{"href":"http:\/\/biztonsagosveszprem.hu\/index.php?rest_route=\/wp\/v2\/types\/post"}],"author":[{"embeddable":true,"href":"http:\/\/biztonsagosveszprem.hu\/index.php?rest_route=\/wp\/v2\/users\/1"}],"replies":[{"embeddable":true,"href":"http:\/\/biztonsagosveszprem.hu\/index.php?rest_route=%2Fwp%2Fv2%2Fcomments&post=20597"}],"version-history":[{"count":1,"href":"http:\/\/biztonsagosveszprem.hu\/index.php?rest_route=\/wp\/v2\/posts\/20597\/revisions"}],"predecessor-version":[{"id":20598,"href":"http:\/\/biztonsagosveszprem.hu\/index.php?rest_route=\/wp\/v2\/posts\/20597\/revisions\/20598"}],"wp:attachment":[{"href":"http:\/\/biztonsagosveszprem.hu\/index.php?rest_route=%2Fwp%2Fv2%2Fmedia&parent=20597"}],"wp:term":[{"taxonomy":"category","embeddable":true,"href":"http:\/\/biztonsagosveszprem.hu\/index.php?rest_route=%2Fwp%2Fv2%2Fcategories&post=20597"},{"taxonomy":"post_tag","embeddable":true,"href":"http:\/\/biztonsagosveszprem.hu\/index.php?rest_route=%2Fwp%2Fv2%2Ftags&post=20597"}],"curies":[{"name":"wp","href":"https:\/\/api.w.org\/{rel}","templated":true}]}}