{"id":20594,"date":"2025-04-15T08:47:06","date_gmt":"2025-04-15T07:47:06","guid":{"rendered":"http:\/\/biztonsagosveszprem.hu\/?p=20594"},"modified":"2025-04-17T08:49:11","modified_gmt":"2025-04-17T07:49:11","slug":"lezart-akta-felhasznalta-lakotarsa-buszberletet","status":"publish","type":"post","link":"http:\/\/biztonsagosveszprem.hu\/?p=20594","title":{"rendered":"Lez\u00e1rt akta: felhaszn\u00e1lta lak\u00f3t\u00e1rsa buszb\u00e9rlet\u00e9t"},"content":{"rendered":"<p><strong>Okirattal vissza\u00e9l\u00e9s miatt folyt elj\u00e1r\u00e1s a Veszpr\u00e9mi Rend\u0151rkapit\u00e1nys\u00e1gon.<\/strong><\/p>\n<p><a href=\"http:\/\/biztonsagosveszprem.hu\/wp-content\/uploads\/2025\/04\/logo3_9.jpg\"><img loading=\"lazy\" class=\"aligncenter size-full wp-image-20595\" src=\"http:\/\/biztonsagosveszprem.hu\/wp-content\/uploads\/2025\/04\/logo3_9.jpg\" alt=\"\" width=\"751\" height=\"500\" srcset=\"http:\/\/biztonsagosveszprem.hu\/wp-content\/uploads\/2025\/04\/logo3_9.jpg 751w, http:\/\/biztonsagosveszprem.hu\/wp-content\/uploads\/2025\/04\/logo3_9-300x200.jpg 300w\" sizes=\"(max-width: 751px) 100vw, 751px\" \/><\/a><\/p>\n<p>Egy t\u00f3tv\u00e1zsonyi f\u00e9rfi tett bejelent\u00e9st a rend\u0151rs\u00e9gre m\u00e1rcius 18-\u00e1n d\u00e9lut\u00e1n, miszerint a lak\u00f3t\u00e1rsa ellopta a buszb\u00e9rlet\u00e9t. A j\u00e1r\u0151r\u00f6k m\u00e9g aznap lesz\u00e1ll\u00edtott\u00e1k a felt\u00e9telezett elk\u00f6vet\u0151t a Veszpr\u00e9mb\u0151l P\u00e1p\u00e1ra indul\u00f3 t\u00e1vols\u00e1gi j\u00e1ratr\u00f3l, \u00e9s meg\u00e1llap\u00edtott\u00e1k, hogy a s\u00e9rtett b\u00e9rlet\u00e9vel sz\u00e1llt fel a buszra. T\u00e1sk\u00e1ja \u00e1tvizsg\u00e1l\u00e1sakor el\u0151ker\u00fclt egy 11 centim\u00e9ter peng\u00e9j\u0171 k\u00e9s is. Ezut\u00e1n el\u0151\u00e1ll\u00edtott\u00e1k a 41 \u00e9ves f\u00e9rfit a Veszpr\u00e9mi Rend\u0151rkapit\u00e1nys\u00e1gra, \u00e9s gyan\u00fas\u00edtottk\u00e9nt hallgatt\u00e1k ki okirattal vissza\u00e9l\u00e9s miatt. Ezenk\u00edv\u00fcl k\u00f6zbiztons\u00e1gra k\u00fcl\u00f6n\u00f6sen vesz\u00e9lyes eszk\u00f6zzel kapcsolatos szab\u00e1lys\u00e9rt\u00e9s miatt is feljelent\u00e9st tettek vele szemben.<\/p>\n<p>A Veszpr\u00e9mi Rend\u0151rkapit\u00e1nys\u00e1g befejezte a nyomoz\u00e1st, \u00e9s az iratokat \u00e1tadta az \u00fcgy\u00e9szs\u00e9gnek.<\/p>\n","protected":false},"excerpt":{"rendered":"<p>Okirattal vissza\u00e9l\u00e9s miatt folyt elj\u00e1r\u00e1s a Veszpr\u00e9mi Rend\u0151rkapit\u00e1nys\u00e1gon. Egy t\u00f3tv\u00e1zsonyi f\u00e9rfi tett bejelent\u00e9st a rend\u0151rs\u00e9gre m\u00e1rcius 18-\u00e1n d\u00e9lut\u00e1n, miszerint a lak\u00f3t\u00e1rsa ellopta a buszb\u00e9rlet\u00e9t. A j\u00e1r\u0151r\u00f6k m\u00e9g aznap lesz\u00e1ll\u00edtott\u00e1k a felt\u00e9telezett elk\u00f6vet\u0151t a Veszpr\u00e9mb\u0151l P\u00e1p\u00e1ra indul\u00f3 t\u00e1vols\u00e1gi j\u00e1ratr\u00f3l, \u00e9s meg\u00e1llap\u00edtott\u00e1k, &hellip; <a href=\"http:\/\/biztonsagosveszprem.hu\/?p=20594\">Egy kattint\u00e1s ide a folytat\u00e1shoz&#8230;. <span class=\"meta-nav\">&rarr;<\/span><\/a><\/p>\n","protected":false},"author":1,"featured_media":0,"comment_status":"closed","ping_status":"open","sticky":false,"template":"","format":"standard","meta":[],"categories":[4,3],"tags":[],"_links":{"self":[{"href":"http:\/\/biztonsagosveszprem.hu\/index.php?rest_route=\/wp\/v2\/posts\/20594"}],"collection":[{"href":"http:\/\/biztonsagosveszprem.hu\/index.php?rest_route=\/wp\/v2\/posts"}],"about":[{"href":"http:\/\/biztonsagosveszprem.hu\/index.php?rest_route=\/wp\/v2\/types\/post"}],"author":[{"embeddable":true,"href":"http:\/\/biztonsagosveszprem.hu\/index.php?rest_route=\/wp\/v2\/users\/1"}],"replies":[{"embeddable":true,"href":"http:\/\/biztonsagosveszprem.hu\/index.php?rest_route=%2Fwp%2Fv2%2Fcomments&post=20594"}],"version-history":[{"count":1,"href":"http:\/\/biztonsagosveszprem.hu\/index.php?rest_route=\/wp\/v2\/posts\/20594\/revisions"}],"predecessor-version":[{"id":20596,"href":"http:\/\/biztonsagosveszprem.hu\/index.php?rest_route=\/wp\/v2\/posts\/20594\/revisions\/20596"}],"wp:attachment":[{"href":"http:\/\/biztonsagosveszprem.hu\/index.php?rest_route=%2Fwp%2Fv2%2Fmedia&parent=20594"}],"wp:term":[{"taxonomy":"category","embeddable":true,"href":"http:\/\/biztonsagosveszprem.hu\/index.php?rest_route=%2Fwp%2Fv2%2Fcategories&post=20594"},{"taxonomy":"post_tag","embeddable":true,"href":"http:\/\/biztonsagosveszprem.hu\/index.php?rest_route=%2Fwp%2Fv2%2Ftags&post=20594"}],"curies":[{"name":"wp","href":"https:\/\/api.w.org\/{rel}","templated":true}]}}