{"id":20590,"date":"2025-04-14T17:50:39","date_gmt":"2025-04-14T16:50:39","guid":{"rendered":"http:\/\/biztonsagosveszprem.hu\/?p=20590"},"modified":"2025-04-14T17:50:39","modified_gmt":"2025-04-14T16:50:39","slug":"orizetben-az-elettarsat-bantalmazo-ferfi-2","status":"publish","type":"post","link":"http:\/\/biztonsagosveszprem.hu\/?p=20590","title":{"rendered":"\u0150RIZETBEN AZ \u00c9LETT\u00c1RS\u00c1T B\u00c1NTALMAZ\u00d3 F\u00c9RFI"},"content":{"rendered":"<p><strong>Megverte n\u0151t \u00e9s elvette a p\u00e9nz\u00e9t. A rend\u0151rs\u00e9g kezdem\u00e9nyezi a f\u00e9rfi letart\u00f3ztat\u00e1s\u00e1t.<\/strong><\/p>\n<p><img loading=\"lazy\" class=\"aligncenter size-full wp-image-20591\" src=\"http:\/\/biztonsagosveszprem.hu\/wp-content\/uploads\/2025\/04\/kiseres3.jpg\" alt=\"\" width=\"751\" height=\"500\" srcset=\"http:\/\/biztonsagosveszprem.hu\/wp-content\/uploads\/2025\/04\/kiseres3.jpg 751w, http:\/\/biztonsagosveszprem.hu\/wp-content\/uploads\/2025\/04\/kiseres3-300x200.jpg 300w\" sizes=\"(max-width: 751px) 100vw, 751px\" \/>Egy veszpr\u00e9mi n\u0151 tett bejelent\u00e9st a rend\u0151rs\u00e9gre \u00e1prilis 12-\u00e9n d\u00e9lel\u0151tt, mert a kor\u00e1bban sz\u00edvess\u00e9gb\u0151l befogadott f\u00e9rfi r\u00e9szegen, er\u0151szakkal akart bejutni a lak\u00e1s\u00e1ba. A n\u0151 a ki\u00e9rkez\u0151 j\u00e1r\u0151r\u00f6knek elmondta, hogy a f\u00e9rfi n\u00e9h\u00e1ny nappal kor\u00e1bban m\u00e1r b\u00e1ntalmazta. Kibor\u00edtotta a kerekessz\u00e9kb\u0151l, beler\u00fagott, \u00e9s megtaposta, valamint elvette 60\u00a0000 forintj\u00e1t. Az 52 \u00e9ves f\u00e9rfi nem el\u0151sz\u00f6r k\u00f6vetett el er\u0151szakos b\u0171ncselekm\u00e9nyt, m\u00e1jusban kell megkezdenie joger\u0151s szabads\u00e1gveszt\u00e9s\u00e9t rabl\u00e1s \u00e9s kifoszt\u00e1s miatt. Az elk\u00f6vet\u0151t ezut\u00e1n el\u0151\u00e1ll\u00edtott\u00e1k a Veszpr\u00e9mi Rend\u0151rkapit\u00e1nys\u00e1gra, majd \u0151rizetbe vett\u00e9k. A nyomoz\u00f3k lop\u00e1s, valamint b\u0171ncselekm\u00e9ny elh\u00e1r\u00edt\u00e1s\u00e1ra id\u0151s kor\u00e1n\u00e1l vagy fogyat\u00e9koss\u00e1g\u00e1n\u00e1l fogva korl\u00e1tozottan k\u00e9pes szem\u00e9ly s\u00e9relm\u00e9re elk\u00f6vetett k\u00f6nny\u0171 testi s\u00e9rt\u00e9s b\u0171ntette miatt hallgatt\u00e1k ki, \u00e9s kezdem\u00e9nyezt\u00e9k a letart\u00f3ztat\u00e1s\u00e1t.<\/p>\n","protected":false},"excerpt":{"rendered":"<p>Megverte n\u0151t \u00e9s elvette a p\u00e9nz\u00e9t. A rend\u0151rs\u00e9g kezdem\u00e9nyezi a f\u00e9rfi letart\u00f3ztat\u00e1s\u00e1t. Egy veszpr\u00e9mi n\u0151 tett bejelent\u00e9st a rend\u0151rs\u00e9gre \u00e1prilis 12-\u00e9n d\u00e9lel\u0151tt, mert a kor\u00e1bban sz\u00edvess\u00e9gb\u0151l befogadott f\u00e9rfi r\u00e9szegen, er\u0151szakkal akart bejutni a lak\u00e1s\u00e1ba. A n\u0151 a ki\u00e9rkez\u0151 j\u00e1r\u0151r\u00f6knek elmondta, &hellip; <a href=\"http:\/\/biztonsagosveszprem.hu\/?p=20590\">Egy kattint\u00e1s ide a folytat\u00e1shoz&#8230;. <span class=\"meta-nav\">&rarr;<\/span><\/a><\/p>\n","protected":false},"author":1,"featured_media":0,"comment_status":"closed","ping_status":"open","sticky":false,"template":"","format":"standard","meta":[],"categories":[4,3],"tags":[],"_links":{"self":[{"href":"http:\/\/biztonsagosveszprem.hu\/index.php?rest_route=\/wp\/v2\/posts\/20590"}],"collection":[{"href":"http:\/\/biztonsagosveszprem.hu\/index.php?rest_route=\/wp\/v2\/posts"}],"about":[{"href":"http:\/\/biztonsagosveszprem.hu\/index.php?rest_route=\/wp\/v2\/types\/post"}],"author":[{"embeddable":true,"href":"http:\/\/biztonsagosveszprem.hu\/index.php?rest_route=\/wp\/v2\/users\/1"}],"replies":[{"embeddable":true,"href":"http:\/\/biztonsagosveszprem.hu\/index.php?rest_route=%2Fwp%2Fv2%2Fcomments&post=20590"}],"version-history":[{"count":1,"href":"http:\/\/biztonsagosveszprem.hu\/index.php?rest_route=\/wp\/v2\/posts\/20590\/revisions"}],"predecessor-version":[{"id":20592,"href":"http:\/\/biztonsagosveszprem.hu\/index.php?rest_route=\/wp\/v2\/posts\/20590\/revisions\/20592"}],"wp:attachment":[{"href":"http:\/\/biztonsagosveszprem.hu\/index.php?rest_route=%2Fwp%2Fv2%2Fmedia&parent=20590"}],"wp:term":[{"taxonomy":"category","embeddable":true,"href":"http:\/\/biztonsagosveszprem.hu\/index.php?rest_route=%2Fwp%2Fv2%2Fcategories&post=20590"},{"taxonomy":"post_tag","embeddable":true,"href":"http:\/\/biztonsagosveszprem.hu\/index.php?rest_route=%2Fwp%2Fv2%2Ftags&post=20590"}],"curies":[{"name":"wp","href":"https:\/\/api.w.org\/{rel}","templated":true}]}}