{"id":20584,"date":"2025-04-11T15:06:25","date_gmt":"2025-04-11T14:06:25","guid":{"rendered":"http:\/\/biztonsagosveszprem.hu\/?p=20584"},"modified":"2025-04-11T15:06:25","modified_gmt":"2025-04-11T14:06:25","slug":"elfogtak-az-idoseket-megkarosito-badogost","status":"publish","type":"post","link":"http:\/\/biztonsagosveszprem.hu\/?p=20584","title":{"rendered":"ELFOGT\u00c1K AZ ID\u0150SEKET MEGK\u00c1ROS\u00cdT\u00d3 B\u00c1DOGOST"},"content":{"rendered":"<p><strong>A k\u00e9t s\u00e9rtett k\u00e1ra megt\u00e9r\u00fclt a kont\u00e1r munkav\u00e9gz\u00e9s ut\u00e1n.<\/strong><\/p>\n<p><a href=\"http:\/\/biztonsagosveszprem.hu\/wp-content\/uploads\/2025\/04\/logo_81.jpg\"><img loading=\"lazy\" class=\"aligncenter size-full wp-image-20585\" src=\"http:\/\/biztonsagosveszprem.hu\/wp-content\/uploads\/2025\/04\/logo_81.jpg\" alt=\"\" width=\"751\" height=\"500\" srcset=\"http:\/\/biztonsagosveszprem.hu\/wp-content\/uploads\/2025\/04\/logo_81.jpg 751w, http:\/\/biztonsagosveszprem.hu\/wp-content\/uploads\/2025\/04\/logo_81-300x200.jpg 300w\" sizes=\"(max-width: 751px) 100vw, 751px\" \/><\/a><\/p>\n<div class=\"body-text\">\n<p>Egy id\u0151s asszony hozz\u00e1tartoz\u00f3ja tett feljelent\u00e9st a rend\u0151rs\u00e9gen 2025. febru\u00e1r 28-\u00e1n, mert a bakonyi kis faluban \u00e9l\u0151 \u00e9desanyj\u00e1t ismeretlen elk\u00f6vet\u0151k 240 ezer forinttal megk\u00e1ros\u00edtott\u00e1k. Aznap d\u00e9lut\u00e1n k\u00e9t ismeretlen f\u00e9rfi jelent meg a 88 \u00e9ves n\u0151 h\u00e1z\u00e1n\u00e1l azzal az \u00fcr\u00fcggyel, hogy a szomsz\u00e9dban dolgoznak, \u00e9s l\u00e1tj\u00e1k, hogy az \u00e9p\u00fclet teteje jav\u00edt\u00e1sra szorul. Azt \u00edg\u00e9rt\u00e9k, a munk\u00e1t megcsin\u00e1lj\u00e1k p\u00e1rezer forint\u00e9rt, am\u00edg a n\u00e9ni f\u0151z nekik egy k\u00e1v\u00e9t. A h\u00e1ts\u00f3 oromdeszk\u00e1ra felcsavaroztak h\u00e1rom bontott f\u00e9mlemezt, majd 300 ezer forintos munkad\u00edjat k\u00f6veteltek. Az id\u0151s asszony 240 ezer forintot adott \u00e1t.<\/p>\n<p>2025. m\u00e1rcius 3-\u00e1n egy 83 \u00e9ves veszpr\u00e9mi n\u0151 h\u00e1z\u00e1n\u00e1l is megjelent csatornatiszt\u00edt\u00e1s \u00fcr\u00fcgy\u00e9vel h\u00e1rom h\u00e1zal\u00f3 b\u00e1dogos. Munkad\u00edjk\u00e9nt 200 ezer forintban egyezett meg a v\u00e1llalkoz\u00f3val, amelyet az egy\u00f3r\u00e1s munk\u00e1\u00e9rt az id\u0151s n\u0151 \u00e1t is adott. K\u00e9s\u0151bb azonban \u00e9szlelte, hogy a szob\u00e1ban a szekr\u00e9nyben tartott f\u00e9lretett p\u00e9nze \u2013 1 milli\u00f3 forint \u2013 elt\u0171nt, ez\u00e9rt bejelent\u00e9st tett a rend\u0151rs\u00e9gen.<\/p>\n<p>A nyomoz\u00e1s sor\u00e1n ugyanarra a \u201ev\u00e1llalkoz\u00f3ra\u201d terel\u0151d\u00f6tt a gyan\u00fa mindk\u00e9t b\u0171ncselekm\u00e9ny eset\u00e9n. A 29 \u00e9ves rom\u00e1n \u00e1llampolg\u00e1rs\u00e1g\u00fa f\u00e9rfival szemben a Veszpr\u00e9mi Rend\u0151rkapit\u00e1nys\u00e1g elfogat\u00f3parancsot adott ki \u00e9s a rend\u0151r\u00f6k 2025. \u00e1prilis 9-\u00e9n Somogy v\u00e1rmegy\u00e9ben elfogt\u00e1k.<\/p>\n<p>A f\u00e9rfit el\u0151\u00e1ll\u00edtott\u00e1k \u00e9s csal\u00e1s b\u0171ntette miatt gyan\u00fas\u00edtottk\u00e9nt hallgatt\u00e1k ki. A rend\u0151rs\u00e9g lefoglalt t\u0151le t\u00f6bb sz\u00e1zezer forintot, melyet a s\u00e9rtettek visszakaptak.<\/p>\n<\/div>\n","protected":false},"excerpt":{"rendered":"<p>A k\u00e9t s\u00e9rtett k\u00e1ra megt\u00e9r\u00fclt a kont\u00e1r munkav\u00e9gz\u00e9s ut\u00e1n. Egy id\u0151s asszony hozz\u00e1tartoz\u00f3ja tett feljelent\u00e9st a rend\u0151rs\u00e9gen 2025. febru\u00e1r 28-\u00e1n, mert a bakonyi kis faluban \u00e9l\u0151 \u00e9desanyj\u00e1t ismeretlen elk\u00f6vet\u0151k 240 ezer forinttal megk\u00e1ros\u00edtott\u00e1k. Aznap d\u00e9lut\u00e1n k\u00e9t ismeretlen f\u00e9rfi jelent meg &hellip; <a href=\"http:\/\/biztonsagosveszprem.hu\/?p=20584\">Egy kattint\u00e1s ide a folytat\u00e1shoz&#8230;. <span class=\"meta-nav\">&rarr;<\/span><\/a><\/p>\n","protected":false},"author":1,"featured_media":0,"comment_status":"closed","ping_status":"open","sticky":false,"template":"","format":"standard","meta":[],"categories":[4,3],"tags":[],"_links":{"self":[{"href":"http:\/\/biztonsagosveszprem.hu\/index.php?rest_route=\/wp\/v2\/posts\/20584"}],"collection":[{"href":"http:\/\/biztonsagosveszprem.hu\/index.php?rest_route=\/wp\/v2\/posts"}],"about":[{"href":"http:\/\/biztonsagosveszprem.hu\/index.php?rest_route=\/wp\/v2\/types\/post"}],"author":[{"embeddable":true,"href":"http:\/\/biztonsagosveszprem.hu\/index.php?rest_route=\/wp\/v2\/users\/1"}],"replies":[{"embeddable":true,"href":"http:\/\/biztonsagosveszprem.hu\/index.php?rest_route=%2Fwp%2Fv2%2Fcomments&post=20584"}],"version-history":[{"count":1,"href":"http:\/\/biztonsagosveszprem.hu\/index.php?rest_route=\/wp\/v2\/posts\/20584\/revisions"}],"predecessor-version":[{"id":20586,"href":"http:\/\/biztonsagosveszprem.hu\/index.php?rest_route=\/wp\/v2\/posts\/20584\/revisions\/20586"}],"wp:attachment":[{"href":"http:\/\/biztonsagosveszprem.hu\/index.php?rest_route=%2Fwp%2Fv2%2Fmedia&parent=20584"}],"wp:term":[{"taxonomy":"category","embeddable":true,"href":"http:\/\/biztonsagosveszprem.hu\/index.php?rest_route=%2Fwp%2Fv2%2Fcategories&post=20584"},{"taxonomy":"post_tag","embeddable":true,"href":"http:\/\/biztonsagosveszprem.hu\/index.php?rest_route=%2Fwp%2Fv2%2Ftags&post=20584"}],"curies":[{"name":"wp","href":"https:\/\/api.w.org\/{rel}","templated":true}]}}