{"id":20581,"date":"2025-04-11T15:03:54","date_gmt":"2025-04-11T14:03:54","guid":{"rendered":"http:\/\/biztonsagosveszprem.hu\/?p=20581"},"modified":"2025-04-11T15:03:54","modified_gmt":"2025-04-11T14:03:54","slug":"utott-rugott-rendszamot-feszegetett","status":"publish","type":"post","link":"http:\/\/biztonsagosveszprem.hu\/?p=20581","title":{"rendered":"\u00dcT\u00d6TT, R\u00daGOTT, RENDSZ\u00c1MOT FESZEGETETT"},"content":{"rendered":"<p><strong>A rend\u0151r\u00f6k egy gar\u00e1zda f\u00e9rfit \u00e1ll\u00edtottak el\u0151, akinek k\u00e9s\u0151bb pozit\u00edv lett a drogtesztje.<\/strong><\/p>\n<p><img loading=\"lazy\" class=\"aligncenter size-full wp-image-20582\" src=\"http:\/\/biztonsagosveszprem.hu\/wp-content\/uploads\/2025\/04\/logo_80.jpg\" alt=\"\" width=\"751\" height=\"500\" srcset=\"http:\/\/biztonsagosveszprem.hu\/wp-content\/uploads\/2025\/04\/logo_80.jpg 751w, http:\/\/biztonsagosveszprem.hu\/wp-content\/uploads\/2025\/04\/logo_80-300x200.jpg 300w\" sizes=\"(max-width: 751px) 100vw, 751px\" \/>Egy gar\u00e1zda m\u00f3don viselked\u0151 f\u00e9rfi miatt h\u00edvt\u00e1k a rend\u0151rs\u00e9get Veszpr\u00e9mben 2025. \u00e1prilis 9-\u00e9n d\u00e9lut\u00e1n. A gyalogosan k\u00f6zleked\u0151 f\u00e9rfi egy piros jelz\u0151l\u00e1mp\u00e1n\u00e1l v\u00e1rakoz\u00f3 g\u00e9pj\u00e1rm\u0171h\u00f6z odal\u00e9pve bekopogott a sz\u00e9lv\u00e9d\u0151n, majd a sof\u0151rrel kiab\u00e1lva megpr\u00f3b\u00e1lta lefesz\u00edteni az aut\u00f3 els\u0151 rendsz\u00e1mt\u00e1bl\u00e1j\u00e1t. Ezt sz\u00f3v\u00e1 tette egy arra halad\u00f3 j\u00e1r\u00f3kel\u0151. Ekkor a l\u00e1that\u00f3an t\u00e1ntorg\u00f3 f\u00e9rfi a j\u00e1rd\u00e1n gyalogl\u00f3k fel\u00e9 indult \u00e9s fejbe \u00fct\u00f6tt, majd megr\u00fagott egy feles\u00e9g\u00e9vel \u00e9s kisgyermek\u00e9vel arra halad\u00f3 f\u00e9rfit. \u00c9ppen a kab\u00e1tj\u00e1n\u00e1l fogva pr\u00f3b\u00e1lta a f\u00f6ldre teperni, amikor meg\u00e9rkeztek a rend\u0151r\u00f6k. Az elk\u00f6vet\u0151 ruh\u00e1zat\u00e1nak \u00e1tvizsg\u00e1l\u00e1sakor k\u00e1b\u00edt\u00f3szergyan\u00fas n\u00f6v\u00e9nyi anyagmaradv\u00e1nyt tal\u00e1ltak. A 25 \u00e9ves helyi lakost el\u0151\u00e1ll\u00edtott\u00e1k a Veszpr\u00e9mi Rend\u0151rkapit\u00e1nys\u00e1gra, ahol a droggyorsteszt pozit\u00edv eredm\u00e9nyt mutatott. A tettes ellen k\u00f6nny\u0171 testi s\u00e9rt\u00e9s, gar\u00e1zdas\u00e1g \u00e9s k\u00e1b\u00edt\u00f3szer-birtokl\u00e1s miatt indult b\u00fcntet\u0151elj\u00e1r\u00e1s, a nyomoz\u00f3k \u0151rizetbe v\u00e9tele mellett gyan\u00fas\u00edtottk\u00e9nt hallgatt\u00e1k ki.<\/p>\n","protected":false},"excerpt":{"rendered":"<p>A rend\u0151r\u00f6k egy gar\u00e1zda f\u00e9rfit \u00e1ll\u00edtottak el\u0151, akinek k\u00e9s\u0151bb pozit\u00edv lett a drogtesztje. Egy gar\u00e1zda m\u00f3don viselked\u0151 f\u00e9rfi miatt h\u00edvt\u00e1k a rend\u0151rs\u00e9get Veszpr\u00e9mben 2025. \u00e1prilis 9-\u00e9n d\u00e9lut\u00e1n. A gyalogosan k\u00f6zleked\u0151 f\u00e9rfi egy piros jelz\u0151l\u00e1mp\u00e1n\u00e1l v\u00e1rakoz\u00f3 g\u00e9pj\u00e1rm\u0171h\u00f6z odal\u00e9pve bekopogott a sz\u00e9lv\u00e9d\u0151n, &hellip; <a href=\"http:\/\/biztonsagosveszprem.hu\/?p=20581\">Egy kattint\u00e1s ide a folytat\u00e1shoz&#8230;. <span class=\"meta-nav\">&rarr;<\/span><\/a><\/p>\n","protected":false},"author":1,"featured_media":0,"comment_status":"closed","ping_status":"open","sticky":false,"template":"","format":"standard","meta":[],"categories":[4,3],"tags":[],"_links":{"self":[{"href":"http:\/\/biztonsagosveszprem.hu\/index.php?rest_route=\/wp\/v2\/posts\/20581"}],"collection":[{"href":"http:\/\/biztonsagosveszprem.hu\/index.php?rest_route=\/wp\/v2\/posts"}],"about":[{"href":"http:\/\/biztonsagosveszprem.hu\/index.php?rest_route=\/wp\/v2\/types\/post"}],"author":[{"embeddable":true,"href":"http:\/\/biztonsagosveszprem.hu\/index.php?rest_route=\/wp\/v2\/users\/1"}],"replies":[{"embeddable":true,"href":"http:\/\/biztonsagosveszprem.hu\/index.php?rest_route=%2Fwp%2Fv2%2Fcomments&post=20581"}],"version-history":[{"count":1,"href":"http:\/\/biztonsagosveszprem.hu\/index.php?rest_route=\/wp\/v2\/posts\/20581\/revisions"}],"predecessor-version":[{"id":20583,"href":"http:\/\/biztonsagosveszprem.hu\/index.php?rest_route=\/wp\/v2\/posts\/20581\/revisions\/20583"}],"wp:attachment":[{"href":"http:\/\/biztonsagosveszprem.hu\/index.php?rest_route=%2Fwp%2Fv2%2Fmedia&parent=20581"}],"wp:term":[{"taxonomy":"category","embeddable":true,"href":"http:\/\/biztonsagosveszprem.hu\/index.php?rest_route=%2Fwp%2Fv2%2Fcategories&post=20581"},{"taxonomy":"post_tag","embeddable":true,"href":"http:\/\/biztonsagosveszprem.hu\/index.php?rest_route=%2Fwp%2Fv2%2Ftags&post=20581"}],"curies":[{"name":"wp","href":"https:\/\/api.w.org\/{rel}","templated":true}]}}