{"id":20572,"date":"2025-04-10T15:59:07","date_gmt":"2025-04-10T14:59:07","guid":{"rendered":"http:\/\/biztonsagosveszprem.hu\/?p=20572"},"modified":"2025-04-11T15:00:38","modified_gmt":"2025-04-11T14:00:38","slug":"evet-ertekelt-a-veszpremi-rendorkapitanysag-2","status":"publish","type":"post","link":"http:\/\/biztonsagosveszprem.hu\/?p=20572","title":{"rendered":"\u00c9VET \u00c9RT\u00c9KELT A VESZPR\u00c9MI REND\u0150RKAPIT\u00c1NYS\u00c1G"},"content":{"rendered":"<p><strong>\u00dcnnep\u00e9lyes \u00e1llom\u00e1nygy\u0171l\u00e9st tartottak.<\/strong><\/p>\n<p><a href=\"http:\/\/biztonsagosveszprem.hu\/wp-content\/uploads\/2025\/04\/1L6A6690.jpg\"><img loading=\"lazy\" class=\"aligncenter size-full wp-image-20573\" src=\"http:\/\/biztonsagosveszprem.hu\/wp-content\/uploads\/2025\/04\/1L6A6690.jpg\" alt=\"\" width=\"751\" height=\"500\" srcset=\"http:\/\/biztonsagosveszprem.hu\/wp-content\/uploads\/2025\/04\/1L6A6690.jpg 751w, http:\/\/biztonsagosveszprem.hu\/wp-content\/uploads\/2025\/04\/1L6A6690-300x200.jpg 300w\" sizes=\"(max-width: 751px) 100vw, 751px\" \/><\/a><\/p>\n<p>A Veszpr\u00e9mi Rend\u0151rkapit\u00e1nys\u00e1g 2025. \u00e1prilis 10-\u00e9n tartotta meg \u00fcnnep\u00e9lyes \u00e9v\u00e9rt\u00e9kel\u0151 \u00e1llom\u00e1nygy\u0171l\u00e9s\u00e9t.<\/p>\n<p>Az esem\u00e9nyen a rend\u0151ri vezet\u0151k\u00f6n t\u00fal jelen volt t\u00f6bbek k\u00f6z\u00f6tt Porga Gyula polg\u00e1rmester, Kulmann\u00e9 Dr. Cs. Varga Edit vezet\u0151 \u00fcgy\u00e9sz, dr. T\u00f3th Gy\u00f6rgyi a j\u00e1r\u00e1sb\u00edr\u00f3s\u00e1g eln\u00f6ke, a t\u00e1rsszervek k\u00e9pvisel\u0151i valamint a Veszpr\u00e9mi Rend\u0151rkapit\u00e1nys\u00e1g parancsnoki \u00e9s szem\u00e9lyi \u00e1llom\u00e1nya.<\/p>\n<p>Ficsor Karolina Di\u00e1na r. alezredes, kapit\u00e1nys\u00e1gvezet\u0151 besz\u00e1mol\u00f3j\u00e1ban ismertette a 2024. \u00e9v szakmai munk\u00e1j\u00e1nak legjellemz\u0151bb mutat\u00f3sz\u00e1mait \u00e9s az idei \u00e9vben a tov\u00e1bbi c\u00e9lok ir\u00e1nyvonal\u00e1t. A Veszpr\u00e9mi Rend\u0151rkapit\u00e1nys\u00e1g vezet\u0151je k\u00f6sz\u00f6netet mondott a szervezet dolgoz\u00f3inak \u00e9s az egy\u00fcttm\u0171k\u00f6d\u0151 partnereknek, a t\u00e1rshat\u00f3s\u00e1gok, az \u00f6nkorm\u00e1nyzatok vezet\u0151inek a k\u00f6z\u00f6s munk\u00e1val el\u00e9rt eredm\u00e9nyek\u00e9rt.<\/p>\n<p>D\u00e9k\u00e1ny Bal\u00e1zs r. dand\u00e1rt\u00e1bornok, a v\u00e1rmegye 2024-es eredm\u00e9nyeinek f\u0151bb mutat\u00f3it ismertette, majd meghat\u00e1rozta 2025 f\u0151 feladatait, t\u00f6bbek k\u00f6z\u00f6tt a k\u00e1b\u00edt\u00f3szerrel kapcsolatos b\u0171ncselekm\u00e9nyek felsz\u00e1mol\u00e1s\u00e1t, az online csal\u00e1sok megel\u0151z\u00e9s\u00e9t, az elk\u00f6vetett b\u0171ncselekm\u00e9nyek hat\u00e9konyabb felder\u00edt\u00e9s\u00e9t, a b\u0171ncselekm\u00e9nyek k\u00e1rmegt\u00e9r\u00fcl\u00e9si mutat\u00f3j\u00e1nak jav\u00edt\u00e1s\u00e1t, a csal\u00e1don bel\u00fcli er\u0151szak elleni hat\u00e9konyabb fell\u00e9p\u00e9st, valamint a k\u00f6zleked\u00e9s biztons\u00e1g\u00e1nak jav\u00edt\u00e1s\u00e1t.<\/p>\n\t\t<div id=\"album_gallery_20575\"\n\t\t\tclass=\"awp_center\">\n\t\t\t\t\t\t\t<div class=\" col-md-4 col-lg-4 col-sm-4 col-xs-6 \n\t\t\t\t\t\t\">\n\t\t\t\t\t\n\t\t\t\t\t\t<!-- Stacks Hover Effect -->\n\t\t\t\t\t\t<a href=\"http:\/\/biztonsagosveszprem.hu\/wp-content\/uploads\/2025\/04\/1L6A6639.jpg\t\t\t\t\t\" \t\t\t\t\t\t\tclass=\"swipebox-20575\" title=\"\">\n\t\t\t\t\t\t\t<div class=\"group\">\n\t\t\t\t\t\t\t\t<div class=\"stack twisted animated wobble\">\n\t\t\t\t\t\t\t\t\t<img src=\"http:\/\/biztonsagosveszprem.hu\/wp-content\/uploads\/2025\/04\/1L6A6639-300x200.jpg\" alt=\"\">\n\t\t\t\t\t\t\t\t<\/div>\n\t\t\t\t\t\t\t<\/div>\n\t\t\t\t\t\t<\/a>\n\t\t\t\t\t\t\t\t\t<\/div>\n\t\t\t\t\t\t\t<div class=\" col-md-4 col-lg-4 col-sm-4 col-xs-6 \n\t\t\thidden\t\t\t\">\n\t\t\t\t\t\n\t\t\t\t\t\t<!-- Stacks Hover Effect -->\n\t\t\t\t\t\t<a href=\"http:\/\/biztonsagosveszprem.hu\/wp-content\/uploads\/2025\/04\/1L6A6731.jpg\t\t\t\t\t\" \t\t\t\t\t\t\tclass=\"swipebox-20575\" title=\"\">\n\t\t\t\t\t\t\t<div class=\"group\">\n\t\t\t\t\t\t\t\t<div class=\"stack twisted animated wobble\">\n\t\t\t\t\t\t\t\t\t<img src=\"http:\/\/biztonsagosveszprem.hu\/wp-content\/uploads\/2025\/04\/1L6A6731-300x200.jpg\" alt=\"\">\n\t\t\t\t\t\t\t\t<\/div>\n\t\t\t\t\t\t\t<\/div>\n\t\t\t\t\t\t<\/a>\n\t\t\t\t\t\t\t\t\t<\/div>\n\t\t\t\t\t\t\t<div class=\" col-md-4 col-lg-4 col-sm-4 col-xs-6 \n\t\t\thidden\t\t\t\">\n\t\t\t\t\t\n\t\t\t\t\t\t<!-- Stacks Hover Effect -->\n\t\t\t\t\t\t<a href=\"http:\/\/biztonsagosveszprem.hu\/wp-content\/uploads\/2025\/04\/1L6A7050.jpg\t\t\t\t\t\" \t\t\t\t\t\t\tclass=\"swipebox-20575\" title=\"\">\n\t\t\t\t\t\t\t<div class=\"group\">\n\t\t\t\t\t\t\t\t<div class=\"stack twisted animated wobble\">\n\t\t\t\t\t\t\t\t\t<img src=\"http:\/\/biztonsagosveszprem.hu\/wp-content\/uploads\/2025\/04\/1L6A7050-300x200.jpg\" alt=\"\">\n\t\t\t\t\t\t\t\t<\/div>\n\t\t\t\t\t\t\t<\/div>\n\t\t\t\t\t\t<\/a>\n\t\t\t\t\t\t\t\t\t<\/div>\n\t\t\t\t\t<\/div>\n<style>\n\t.awp_center {\n\t\ttext-align: center !important;\n\t}\n\n\t.fifth-effect .mask {\n\t\tborder: 100px solid rgba(0, 0, 0, 0.7);\n\t}\n\n\t.col-lg-12 .stack {\n\t\tmargin: 3% 36%;\n\t}\n\n\t.col-lg-12 .view {\n\t\tmargin: 5% 37%;\n\t}\n\n\t.col-lg-6 .stack {\n\t\tmargin: 6% 22%;\n\t}\n\n\t.col-lg-6 .view {\n\t\tmargin: 5% 22%;\n\t}\n\n\t.col-lg-4 .stack {\n\t\tmargin: 10% 7%;\n\t}\n\n\t.col-lg-4 .view {\n\t\tmargin: 5% 6%;\n\t}\n\n\t.col-lg-3 .stack {\n\t\tmargin: 15% 3%;\n\t}\n\n\t.col-lg-3 .view {\n\t\tmargin: 5% 1%;\n\t}\n\n\n\t.fifth-effect .mask {\n\t\tborder: 100px solid rgba(0, 0, 0, 0.7);\n\t}\n\n\t.fifth-effect .mask {\n\t\tborder: 100px solid rgba(0, 0, 0, 0.7);\n\t}\n\n\t.view {\n\t\tmargin: 0 0 5% 0%;\n\t\tmargin: 5% 0%;\n\t\t\t}\n\n\t.mask {\n\t\tcursor: pointer;\n\t}\n<\/style>\n<script type=\"application\/javascript\">\n\tjQuery(document).ready(function() {\n\t\t\/\/ PhotoBox\n\t\tjQuery('#album_gallery_20575').photobox('a');\n\t\t\/\/ or with a fancier selector and some settings, and a callback:\n\t\tjQuery('#album_gallery_20575').photobox('a:first', {\n\t\t\tthumbs: false,\n\t\t\ttime: 0\n\t\t}, imageLoaded);\n\n\t\tfunction imageLoaded() {\n\t\t\tconsole.log('image has been loaded...');\n\t\t}\n\n\n\t\t\/\/Isotope function for masonary\n\t\tvar $grid = jQuery('.album_gallery_main').isotope({\n\t\t\t\/\/ options...\n\t\t\titemSelector: '.album_gallery_single',\n\t\t});\n\t\t\/\/ layout Isotope after each image loads\n\t\t$grid.imagesLoaded().progress(function() {\n\t\t\t$grid.isotope('layout');\n\t\t});\n\t});\n<\/script>\n","protected":false},"excerpt":{"rendered":"<p>\u00dcnnep\u00e9lyes \u00e1llom\u00e1nygy\u0171l\u00e9st tartottak. A Veszpr\u00e9mi Rend\u0151rkapit\u00e1nys\u00e1g 2025. \u00e1prilis 10-\u00e9n tartotta meg \u00fcnnep\u00e9lyes \u00e9v\u00e9rt\u00e9kel\u0151 \u00e1llom\u00e1nygy\u0171l\u00e9s\u00e9t. Az esem\u00e9nyen a rend\u0151ri vezet\u0151k\u00f6n t\u00fal jelen volt t\u00f6bbek k\u00f6z\u00f6tt Porga Gyula polg\u00e1rmester, Kulmann\u00e9 Dr. Cs. Varga Edit vezet\u0151 \u00fcgy\u00e9sz, dr. T\u00f3th Gy\u00f6rgyi a j\u00e1r\u00e1sb\u00edr\u00f3s\u00e1g eln\u00f6ke, &hellip; <a href=\"http:\/\/biztonsagosveszprem.hu\/?album_gallery=evet-ertekelt-a-veszpremi-rendorkapitanysag\">Egy kattint\u00e1s ide a folytat\u00e1shoz&#8230;. <span class=\"meta-nav\">&rarr;<\/span><\/a><\/p>\n","protected":false},"author":1,"featured_media":0,"comment_status":"closed","ping_status":"open","sticky":false,"template":"","format":"standard","meta":[],"categories":[4,3],"tags":[],"_links":{"self":[{"href":"http:\/\/biztonsagosveszprem.hu\/index.php?rest_route=\/wp\/v2\/posts\/20572"}],"collection":[{"href":"http:\/\/biztonsagosveszprem.hu\/index.php?rest_route=\/wp\/v2\/posts"}],"about":[{"href":"http:\/\/biztonsagosveszprem.hu\/index.php?rest_route=\/wp\/v2\/types\/post"}],"author":[{"embeddable":true,"href":"http:\/\/biztonsagosveszprem.hu\/index.php?rest_route=\/wp\/v2\/users\/1"}],"replies":[{"embeddable":true,"href":"http:\/\/biztonsagosveszprem.hu\/index.php?rest_route=%2Fwp%2Fv2%2Fcomments&post=20572"}],"version-history":[{"count":3,"href":"http:\/\/biztonsagosveszprem.hu\/index.php?rest_route=\/wp\/v2\/posts\/20572\/revisions"}],"predecessor-version":[{"id":20580,"href":"http:\/\/biztonsagosveszprem.hu\/index.php?rest_route=\/wp\/v2\/posts\/20572\/revisions\/20580"}],"wp:attachment":[{"href":"http:\/\/biztonsagosveszprem.hu\/index.php?rest_route=%2Fwp%2Fv2%2Fmedia&parent=20572"}],"wp:term":[{"taxonomy":"category","embeddable":true,"href":"http:\/\/biztonsagosveszprem.hu\/index.php?rest_route=%2Fwp%2Fv2%2Fcategories&post=20572"},{"taxonomy":"post_tag","embeddable":true,"href":"http:\/\/biztonsagosveszprem.hu\/index.php?rest_route=%2Fwp%2Fv2%2Ftags&post=20572"}],"curies":[{"name":"wp","href":"https:\/\/api.w.org\/{rel}","templated":true}]}}