{"id":20557,"date":"2025-03-31T15:41:11","date_gmt":"2025-03-31T14:41:11","guid":{"rendered":"http:\/\/biztonsagosveszprem.hu\/?p=20557"},"modified":"2025-03-31T15:41:11","modified_gmt":"2025-03-31T14:41:11","slug":"heti-kozlekedes-biztonsagi-osszefoglalo-24","status":"publish","type":"post","link":"http:\/\/biztonsagosveszprem.hu\/?p=20557","title":{"rendered":"Heti k\u00f6zleked\u00e9s-biztons\u00e1gi \u00f6sszefoglal\u00f3"},"content":{"rendered":"<p style=\"text-align: center;\"><strong>2025. m\u00e1rcius 31<\/strong><\/p>\n<p style=\"font-weight: 400;\">A Veszpr\u00e9mi Rend\u0151rkapit\u00e1nys\u00e1g illet\u00e9kess\u00e9gi ter\u00fclet\u00e9n 2025. m\u00e1rcius 24-\u00e9n 0 \u00f3r\u00e1t\u00f3l m\u00e1rcius 30-\u00e1n 24 \u00f3r\u00e1ig 1 szem\u00e9lyi s\u00e9r\u00fcl\u00e9ssel j\u00e1r\u00f3 k\u00f6z\u00fati k\u00f6zleked\u00e9si baleset t\u00f6rt\u00e9nt. Egy k\u00f6nny\u0171 s\u00e9r\u00fcl\u00e9ses k\u00f6z\u00fati k\u00f6zleked\u00e9si balesetben egy szem\u00e9ly szenvedett k\u00f6nny\u0171 s\u00e9r\u00fcl\u00e9seket. A veszpr\u00e9mi rend\u0151r\u00f6k 5 anyagi k\u00e1rral v\u00e9gz\u0151d\u0151 k\u00f6z\u00fati k\u00f6zleked\u00e9si baleset helysz\u00edn\u00e9n int\u00e9zkedtek. Az el\u0151z\u0151 \u00e9v ezen id\u0151szak\u00e1ban egy k\u00f6nny\u0171 s\u00e9r\u00fcl\u00e9ses k\u00f6z\u00fati k\u00f6zleked\u00e9si baleset t\u00f6rt\u00e9nt. El\u0151z\u0151 \u00e9v ezen id\u0151szak\u00e1ban t\u00edz anyagi k\u00e1rral v\u00e9gz\u0151d\u0151 balesetn\u00e9l kellett int\u00e9zkedn\u00fcnk.<\/p>\n<p style=\"font-weight: 400;\">2024.03.24. &#8211; 2024.03.30.<\/p>\n<ul>\n<li>Hal\u00e1los 0<\/li>\n<li>S\u00falyos 0<\/li>\n<li>K\u00f6nny\u0171 1<\/li>\n<\/ul>\n<p style=\"font-weight: 400;\">2025.03.24. &#8211; 2025.03.30.<\/p>\n<ul>\n<li>Hal\u00e1los 0<\/li>\n<li>S\u00falyos 0<\/li>\n<li>K\u00f6nny\u0171 1<\/li>\n<\/ul>\n<p style=\"font-weight: 400;\"><u>Balesetek megoszl\u00e1sa KRESZ szab\u00e1lyszeg\u00e9s szerint:<\/u><\/p>\n<p style=\"font-weight: 400;\">1 esetben: sebess\u00e9g nem megfelel\u0151 alkalmaz\u00e1sa az \u00fatviszonyokhoz<\/p>\n<p style=\"font-weight: 400;\"><strong>Legyen tele az ablakmos\u00f3tart\u00e1ly!<\/strong><\/p>\n<p style=\"font-weight: 400;\">A k\u00f6d\u00f6s, nedves, ny\u00e1lk\u00e1s hideg id\u0151ben a sz\u00e9lv\u00e9d\u0151 a felvert koszos v\u00edzpermett\u0151l gyorsan koszol\u00f3dik, nagyban rontva a kil\u00e1t\u00e1st. Csapad\u00e9kform\u00e1k v\u00e1ltj\u00e1k egym\u00e1st, folyamatosan gondoskodva a nedves \u00fatfel\u00fcletekr\u0151l. Az id\u0151szak jellegzetess\u00e9ge, hogy a csapad\u00e9k nem mindig el\u00e9g az ablakt\u00f6rl\u00e9sre, gyakran nincs is, csak a t\u00f6bbi kocsi \u00e1ltal felsz\u00f3rt \u00fativ\u00edz az \u00fcvegen. \u00cdgy nem felt\u00e9tlen\u00fcl van k\u00fcls\u0151 v\u00edzut\u00e1np\u00f3tl\u00e1s, hogy tiszt\u00e1ra is lehessen t\u00f6r\u00f6lni legal\u00e1bb a sz\u00e9lv\u00e9d\u0151t az ablakt\u00f6rl\u0151vel,<strong>\u00a0\u00edgy a koszos v\u00edzpermet fele r\u00e1sz\u00e1rad az \u00fcvegre,<\/strong>\u00a0mire el\u00e9g \u00f6sszegy\u0171lne bel\u0151le egy \u201elap\u00e1tol\u00e1shoz\u201d. \u00cdgy ilyenkor marad az ablakmos\u00f3 intenz\u00edv haszn\u00e1lata, ami el\u00e9g mos\u00f3folyad\u00e9k ig\u00e9nyes. Erre gondolva<strong>\u00a0legyen tele mindig az ablakmos\u00f3tart\u00e1ly<\/strong>\u00a0az \u00e9vszaknak megfelel\u0151 folyad\u00e9kkal, \u00e9s nem \u00e1rt egy tartal\u00e9k sem a csomagtart\u00f3ban, f\u0151k\u00e9pp azokban az aut\u00f3t\u00edpusokban, amelyek nem jelzik a tart\u00e1ly ki\u00fcr\u00fcl\u00e9s\u00e9nek a k\u00f6zeledt\u00e9t.<\/p>\n<p style=\"font-weight: 400;\">(Forr\u00e1s: Kreszvaltozas.hu)<\/p>\n","protected":false},"excerpt":{"rendered":"<p>2025. m\u00e1rcius 31 A Veszpr\u00e9mi Rend\u0151rkapit\u00e1nys\u00e1g illet\u00e9kess\u00e9gi ter\u00fclet\u00e9n 2025. m\u00e1rcius 24-\u00e9n 0 \u00f3r\u00e1t\u00f3l m\u00e1rcius 30-\u00e1n 24 \u00f3r\u00e1ig 1 szem\u00e9lyi s\u00e9r\u00fcl\u00e9ssel j\u00e1r\u00f3 k\u00f6z\u00fati k\u00f6zleked\u00e9si baleset t\u00f6rt\u00e9nt. Egy k\u00f6nny\u0171 s\u00e9r\u00fcl\u00e9ses k\u00f6z\u00fati k\u00f6zleked\u00e9si balesetben egy szem\u00e9ly szenvedett k\u00f6nny\u0171 s\u00e9r\u00fcl\u00e9seket. A veszpr\u00e9mi rend\u0151r\u00f6k 5 &hellip; <a href=\"http:\/\/biztonsagosveszprem.hu\/?p=20557\">Egy kattint\u00e1s ide a folytat\u00e1shoz&#8230;. <span class=\"meta-nav\">&rarr;<\/span><\/a><\/p>\n","protected":false},"author":1,"featured_media":0,"comment_status":"closed","ping_status":"open","sticky":false,"template":"","format":"standard","meta":[],"categories":[4,3],"tags":[],"_links":{"self":[{"href":"http:\/\/biztonsagosveszprem.hu\/index.php?rest_route=\/wp\/v2\/posts\/20557"}],"collection":[{"href":"http:\/\/biztonsagosveszprem.hu\/index.php?rest_route=\/wp\/v2\/posts"}],"about":[{"href":"http:\/\/biztonsagosveszprem.hu\/index.php?rest_route=\/wp\/v2\/types\/post"}],"author":[{"embeddable":true,"href":"http:\/\/biztonsagosveszprem.hu\/index.php?rest_route=\/wp\/v2\/users\/1"}],"replies":[{"embeddable":true,"href":"http:\/\/biztonsagosveszprem.hu\/index.php?rest_route=%2Fwp%2Fv2%2Fcomments&post=20557"}],"version-history":[{"count":1,"href":"http:\/\/biztonsagosveszprem.hu\/index.php?rest_route=\/wp\/v2\/posts\/20557\/revisions"}],"predecessor-version":[{"id":20558,"href":"http:\/\/biztonsagosveszprem.hu\/index.php?rest_route=\/wp\/v2\/posts\/20557\/revisions\/20558"}],"wp:attachment":[{"href":"http:\/\/biztonsagosveszprem.hu\/index.php?rest_route=%2Fwp%2Fv2%2Fmedia&parent=20557"}],"wp:term":[{"taxonomy":"category","embeddable":true,"href":"http:\/\/biztonsagosveszprem.hu\/index.php?rest_route=%2Fwp%2Fv2%2Fcategories&post=20557"},{"taxonomy":"post_tag","embeddable":true,"href":"http:\/\/biztonsagosveszprem.hu\/index.php?rest_route=%2Fwp%2Fv2%2Ftags&post=20557"}],"curies":[{"name":"wp","href":"https:\/\/api.w.org\/{rel}","templated":true}]}}