{"id":20549,"date":"2025-03-28T11:14:06","date_gmt":"2025-03-28T10:14:06","guid":{"rendered":"http:\/\/biztonsagosveszprem.hu\/?p=20549"},"modified":"2025-03-28T11:14:06","modified_gmt":"2025-03-28T10:14:06","slug":"a-drogprevencio-volt-a-tanacskozas-fo-temaja","status":"publish","type":"post","link":"http:\/\/biztonsagosveszprem.hu\/?p=20549","title":{"rendered":"A drogprevenci\u00f3 volt a tan\u00e1cskoz\u00e1s f\u0151 t\u00e9m\u00e1ja"},"content":{"rendered":"<p><strong>A zirci j\u00e1r\u00e1s k\u00f6zleked\u00e9sbiztons\u00e1gi \u00e9s k\u00f6zbiztons\u00e1gi helyzete, az online csal\u00e1sok megel\u0151z\u00e9se, valamint a drogprevenci\u00f3 is sz\u00f3ba ker\u00fclt a f\u00f3rumon.<\/strong><\/p>\n<p><a href=\"http:\/\/biztonsagosveszprem.hu\/wp-content\/uploads\/2025\/03\/zirc4.jpg\"><img loading=\"lazy\" class=\"aligncenter size-full wp-image-20550\" src=\"http:\/\/biztonsagosveszprem.hu\/wp-content\/uploads\/2025\/03\/zirc4.jpg\" alt=\"\" width=\"751\" height=\"500\" srcset=\"http:\/\/biztonsagosveszprem.hu\/wp-content\/uploads\/2025\/03\/zirc4.jpg 751w, http:\/\/biztonsagosveszprem.hu\/wp-content\/uploads\/2025\/03\/zirc4-300x200.jpg 300w\" sizes=\"(max-width: 751px) 100vw, 751px\" \/><\/a><\/p>\n<p>A Zirci \u00d6nkorm\u00e1nyzat d\u00edszterm\u00e9ben 2025. m\u00e1rcius 27-\u00e9n d\u00e9lel\u0151tt megtartott f\u00f3rumot Ficsor Karolina Di\u00e1na r. alezredes, a Veszpr\u00e9mi Rend\u0151rkapit\u00e1nys\u00e1g vezet\u0151j\u00e9nek helyzet\u00e9rt\u00e9kel\u00e9se nyitotta meg.<\/p>\n<p>Ezut\u00e1n \u201eA szer, ami megv\u00e1ltoztat\u201d c\u00edmet visel\u0151 audiovizu\u00e1lis oktat\u00e1si anyag sz\u00fcl\u0151i modulj\u00e1t mutatta be Frank\u00f3 Marianna r. sz\u00e1zados, a Veszpr\u00e9mi Rend\u0151rkapit\u00e1nys\u00e1g b\u0171nmegel\u0151z\u00e9si munkat\u00e1rsa. Elmondta, hogy a Budapesti Rend\u0151r-f\u0151kapit\u00e1nys\u00e1g (BRFK) \u00e1ltal fejlesztett oktat\u00e1si anyagot szeretn\u00e9 a kapit\u00e1nys\u00e1g min\u00e9l t\u00f6bb helyre elvinni. Az el\u0151ad\u00e1s k\u00f6zismert emberek seg\u00edts\u00e9g\u00e9vel h\u00edvja fel a figyelmet a droghaszn\u00e1lat vesz\u00e9lyeire, k\u00f6vetkezm\u00e9nyeire \u00e9s a megel\u0151z\u00e9s lehet\u0151s\u00e9geire.<\/p>\n<p>A f\u00f3rumon az Alkohol \u2013 Drogseg\u00e9ly Ambulancia eln\u00f6ke, dr. Vir\u00e1nyi Judit ny\u00fajtott helyzet\u00e9rt\u00e9kel\u00e9st az aktu\u00e1lis szerhaszn\u00e1lati szok\u00e1sokr\u00f3l, illetve bemutatta az \u00e1ltala vezetett szervezet tev\u00e9kenys\u00e9g\u00e9t. R\u00e1mutatott, hogy az egyes\u00fclet 2021-ben lez\u00e1rult, Szertelen\u00fcl hat\u00e1rok n\u00e9lk\u00fcl p\u00e1ly\u00e1zati programja sor\u00e1n egy 15 alkalmas drogprevenci\u00f3s el\u0151ad\u00e1ssorozatot val\u00f3s\u00edtott meg oktat\u00e1si int\u00e9zm\u00e9nyekben. Dr. Vir\u00e1nyi Judit elmondta, hogy rem\u00e9nyeik szerint hamarosan megint lehet\u0151s\u00e9g lesz a program folytat\u00e1s\u00e1ra, mert az oktat\u00e1si int\u00e9zm\u00e9nyekben nagyon nagy sz\u00fcks\u00e9g van a prevenci\u00f3s tev\u00e9kenys\u00e9gre.<\/p>\n<p>A f\u00f3rum v\u00e9g\u00e9n lehet\u0151s\u00e9g volt a telep\u00fcl\u00e9sek \u00e9s az int\u00e9zm\u00e9nyek vezet\u0151ivel egyeztetni a k\u00f6zbiztons\u00e1got befoly\u00e1sol\u00f3 aktu\u00e1lis k\u00e9rd\u00e9sekr\u0151l. Ficsor Karolina Di\u00e1na r. alezredes kapit\u00e1nys\u00e1gvezet\u0151 felaj\u00e1nlotta a f\u00f3rum r\u00e9sztvev\u0151inek, hogy ig\u00e9ny eset\u00e9n b\u00e1rmely k\u00f6rben \u00e1llnak rendelkez\u00e9sre megel\u0151z\u0151 el\u0151ad\u00e1saikkal a rend\u0151rs\u00e9g munkat\u00e1rsai.<\/p>\n<p><a href=\"http:\/\/biztonsagosveszprem.hu\/wp-content\/uploads\/2025\/03\/zirc3.jpg\"><img loading=\"lazy\" class=\"aligncenter size-full wp-image-20551\" src=\"http:\/\/biztonsagosveszprem.hu\/wp-content\/uploads\/2025\/03\/zirc3.jpg\" alt=\"\" width=\"751\" height=\"422\" srcset=\"http:\/\/biztonsagosveszprem.hu\/wp-content\/uploads\/2025\/03\/zirc3.jpg 751w, http:\/\/biztonsagosveszprem.hu\/wp-content\/uploads\/2025\/03\/zirc3-300x169.jpg 300w\" sizes=\"(max-width: 751px) 100vw, 751px\" \/><\/a><\/p>\n","protected":false},"excerpt":{"rendered":"<p>A zirci j\u00e1r\u00e1s k\u00f6zleked\u00e9sbiztons\u00e1gi \u00e9s k\u00f6zbiztons\u00e1gi helyzete, az online csal\u00e1sok megel\u0151z\u00e9se, valamint a drogprevenci\u00f3 is sz\u00f3ba ker\u00fclt a f\u00f3rumon. A Zirci \u00d6nkorm\u00e1nyzat d\u00edszterm\u00e9ben 2025. m\u00e1rcius 27-\u00e9n d\u00e9lel\u0151tt megtartott f\u00f3rumot Ficsor Karolina Di\u00e1na r. alezredes, a Veszpr\u00e9mi Rend\u0151rkapit\u00e1nys\u00e1g vezet\u0151j\u00e9nek helyzet\u00e9rt\u00e9kel\u00e9se nyitotta &hellip; <a href=\"http:\/\/biztonsagosveszprem.hu\/?p=20549\">Egy kattint\u00e1s ide a folytat\u00e1shoz&#8230;. <span class=\"meta-nav\">&rarr;<\/span><\/a><\/p>\n","protected":false},"author":1,"featured_media":0,"comment_status":"closed","ping_status":"open","sticky":false,"template":"","format":"standard","meta":[],"categories":[4,3],"tags":[],"_links":{"self":[{"href":"http:\/\/biztonsagosveszprem.hu\/index.php?rest_route=\/wp\/v2\/posts\/20549"}],"collection":[{"href":"http:\/\/biztonsagosveszprem.hu\/index.php?rest_route=\/wp\/v2\/posts"}],"about":[{"href":"http:\/\/biztonsagosveszprem.hu\/index.php?rest_route=\/wp\/v2\/types\/post"}],"author":[{"embeddable":true,"href":"http:\/\/biztonsagosveszprem.hu\/index.php?rest_route=\/wp\/v2\/users\/1"}],"replies":[{"embeddable":true,"href":"http:\/\/biztonsagosveszprem.hu\/index.php?rest_route=%2Fwp%2Fv2%2Fcomments&post=20549"}],"version-history":[{"count":1,"href":"http:\/\/biztonsagosveszprem.hu\/index.php?rest_route=\/wp\/v2\/posts\/20549\/revisions"}],"predecessor-version":[{"id":20552,"href":"http:\/\/biztonsagosveszprem.hu\/index.php?rest_route=\/wp\/v2\/posts\/20549\/revisions\/20552"}],"wp:attachment":[{"href":"http:\/\/biztonsagosveszprem.hu\/index.php?rest_route=%2Fwp%2Fv2%2Fmedia&parent=20549"}],"wp:term":[{"taxonomy":"category","embeddable":true,"href":"http:\/\/biztonsagosveszprem.hu\/index.php?rest_route=%2Fwp%2Fv2%2Fcategories&post=20549"},{"taxonomy":"post_tag","embeddable":true,"href":"http:\/\/biztonsagosveszprem.hu\/index.php?rest_route=%2Fwp%2Fv2%2Ftags&post=20549"}],"curies":[{"name":"wp","href":"https:\/\/api.w.org\/{rel}","templated":true}]}}