{"id":20546,"date":"2025-03-27T15:47:20","date_gmt":"2025-03-27T14:47:20","guid":{"rendered":"http:\/\/biztonsagosveszprem.hu\/?p=20546"},"modified":"2025-03-27T15:47:20","modified_gmt":"2025-03-27T14:47:20","slug":"drogprevencios-eloadas-veszpremben","status":"publish","type":"post","link":"http:\/\/biztonsagosveszprem.hu\/?p=20546","title":{"rendered":"DROGPREVENCI\u00d3S EL\u0150AD\u00c1S VESZPR\u00c9MBEN"},"content":{"rendered":"<p><strong>A Delta program r\u00e9szek\u00e9nt mutatta be A szer, ami megv\u00e1ltoztat c\u00edm\u0171 prezent\u00e1ci\u00f3t az iskolarend\u0151r.<\/strong><\/p>\n<p><img loading=\"lazy\" class=\"aligncenter size-full wp-image-20547\" src=\"http:\/\/biztonsagosveszprem.hu\/wp-content\/uploads\/2025\/03\/Veszprem-DELTA.jpg\" alt=\"\" width=\"751\" height=\"500\" srcset=\"http:\/\/biztonsagosveszprem.hu\/wp-content\/uploads\/2025\/03\/Veszprem-DELTA.jpg 751w, http:\/\/biztonsagosveszprem.hu\/wp-content\/uploads\/2025\/03\/Veszprem-DELTA-300x200.jpg 300w\" sizes=\"(max-width: 751px) 100vw, 751px\" \/>A veszpr\u00e9mi Pad\u00e1nyi Katolikus Iskola kilencedikesei hallhattak drogprevenci\u00f3s el\u0151ad\u00e1st 2025. m\u00e1rcius 26-\u00e1n. A szer, ami megv\u00e1ltoztat c\u00edmet visel\u0151 programot a Budapesti Rend\u0151r-f\u0151kapit\u00e1nys\u00e1g (BRFK) fejlesztette ki azzal a c\u00e9llal, hogy bemutassa a fiatalok sz\u00e1m\u00e1ra a k\u00e1b\u00edt\u00f3szerek haszn\u00e1lat\u00e1nak k\u00f6vetkezm\u00e9nyeit. Az audiovizu\u00e1lis el\u0151ad\u00e1s sor\u00e1n k\u00f6zismert emberek seg\u00edts\u00e9g\u00e9vel h\u00edvj\u00e1k fel a figyelmet a droghaszn\u00e1lat vesz\u00e9lyeire, k\u00f6vetkezm\u00e9nyeire \u00e9s a megel\u0151z\u00e9s lehet\u0151s\u00e9geire. A prezent\u00e1ci\u00f3ban szerepl\u0151 interj\u00fakban t\u00f6bbek k\u00f6z\u00f6tt megsz\u00f3lal: Zacher G\u00e1bor toxikol\u00f3gus, Szab\u00f3 Gy\u0151z\u0151 sz\u00edn\u00e9sz \u00e9s fiatalok, akik saj\u00e1t hib\u00e1ikb\u00f3l tanulva pr\u00f3b\u00e1lnak seg\u00edteni kort\u00e1rsaiknak. A k\u00f6z\u00e9piskol\u00e1s di\u00e1koknak tartott el\u0151ad\u00e1s kit\u00e9rt a b\u00fcntet\u0151jogi k\u00f6vetkezm\u00e9nyekre, valamint ismertette az egyes szerek \u00e9lettani hat\u00e1sait, eg\u00e9szs\u00e9gre \u00e1rtalmas jellemz\u0151it.<\/p>\n","protected":false},"excerpt":{"rendered":"<p>A Delta program r\u00e9szek\u00e9nt mutatta be A szer, ami megv\u00e1ltoztat c\u00edm\u0171 prezent\u00e1ci\u00f3t az iskolarend\u0151r. A veszpr\u00e9mi Pad\u00e1nyi Katolikus Iskola kilencedikesei hallhattak drogprevenci\u00f3s el\u0151ad\u00e1st 2025. m\u00e1rcius 26-\u00e1n. A szer, ami megv\u00e1ltoztat c\u00edmet visel\u0151 programot a Budapesti Rend\u0151r-f\u0151kapit\u00e1nys\u00e1g (BRFK) fejlesztette ki azzal &hellip; <a href=\"http:\/\/biztonsagosveszprem.hu\/?p=20546\">Egy kattint\u00e1s ide a folytat\u00e1shoz&#8230;. <span class=\"meta-nav\">&rarr;<\/span><\/a><\/p>\n","protected":false},"author":1,"featured_media":0,"comment_status":"closed","ping_status":"open","sticky":false,"template":"","format":"standard","meta":[],"categories":[4,3],"tags":[],"_links":{"self":[{"href":"http:\/\/biztonsagosveszprem.hu\/index.php?rest_route=\/wp\/v2\/posts\/20546"}],"collection":[{"href":"http:\/\/biztonsagosveszprem.hu\/index.php?rest_route=\/wp\/v2\/posts"}],"about":[{"href":"http:\/\/biztonsagosveszprem.hu\/index.php?rest_route=\/wp\/v2\/types\/post"}],"author":[{"embeddable":true,"href":"http:\/\/biztonsagosveszprem.hu\/index.php?rest_route=\/wp\/v2\/users\/1"}],"replies":[{"embeddable":true,"href":"http:\/\/biztonsagosveszprem.hu\/index.php?rest_route=%2Fwp%2Fv2%2Fcomments&post=20546"}],"version-history":[{"count":1,"href":"http:\/\/biztonsagosveszprem.hu\/index.php?rest_route=\/wp\/v2\/posts\/20546\/revisions"}],"predecessor-version":[{"id":20548,"href":"http:\/\/biztonsagosveszprem.hu\/index.php?rest_route=\/wp\/v2\/posts\/20546\/revisions\/20548"}],"wp:attachment":[{"href":"http:\/\/biztonsagosveszprem.hu\/index.php?rest_route=%2Fwp%2Fv2%2Fmedia&parent=20546"}],"wp:term":[{"taxonomy":"category","embeddable":true,"href":"http:\/\/biztonsagosveszprem.hu\/index.php?rest_route=%2Fwp%2Fv2%2Fcategories&post=20546"},{"taxonomy":"post_tag","embeddable":true,"href":"http:\/\/biztonsagosveszprem.hu\/index.php?rest_route=%2Fwp%2Fv2%2Ftags&post=20546"}],"curies":[{"name":"wp","href":"https:\/\/api.w.org\/{rel}","templated":true}]}}