{"id":20543,"date":"2025-03-27T15:44:44","date_gmt":"2025-03-27T14:44:44","guid":{"rendered":"http:\/\/biztonsagosveszprem.hu\/?p=20543"},"modified":"2025-03-27T15:44:44","modified_gmt":"2025-03-27T14:44:44","slug":"nemcsak-hogy-eltiltottak-de-ittas-is-volt","status":"publish","type":"post","link":"http:\/\/biztonsagosveszprem.hu\/?p=20543","title":{"rendered":"NEMCSAK HOGY ELTILTOTT\u00c1K, DE ITTAS IS VOLT"},"content":{"rendered":"<p><strong>A Veszpr\u00e9mi Rend\u0151rkapit\u00e1nys\u00e1g munkat\u00e1rsai b\u00fcntet\u0151- \u00e9s szab\u00e1lys\u00e9rt\u00e9si elj\u00e1r\u00e1st ind\u00edtottak egy 40 \u00e9ves helyi lakossal szemben.<\/strong><\/p>\n<p><img loading=\"lazy\" class=\"aligncenter size-full wp-image-20544\" src=\"http:\/\/biztonsagosveszprem.hu\/wp-content\/uploads\/2025\/03\/logo_78.jpg\" alt=\"\" width=\"751\" height=\"500\" srcset=\"http:\/\/biztonsagosveszprem.hu\/wp-content\/uploads\/2025\/03\/logo_78.jpg 751w, http:\/\/biztonsagosveszprem.hu\/wp-content\/uploads\/2025\/03\/logo_78-300x200.jpg 300w\" sizes=\"(max-width: 751px) 100vw, 751px\" \/>Zircen, az egyik doh\u00e1nybolt el\u0151tt parkolt le m\u00e1rcius 24-\u00e9n d\u00e9lut\u00e1n aut\u00f3j\u00e1val egy 40 \u00e9ves helyi f\u00e9rfi, amikor a j\u00e1r\u0151r\u00f6k igazoltatt\u00e1k. A kor\u00e1bban ittas j\u00e1rm\u0171vezet\u00e9s miatt eltiltott sof\u0151rrel szemben a j\u00e1r\u0151r\u00f6k ism\u00e9t alkoholszond\u00e1t alkalmaztak. A m\u0171szer ez\u00fattal is pozit\u00edv eredm\u00e9nyt jelzett. El\u0151\u00e1ll\u00edtott\u00e1k a Veszpr\u00e9mi Rend\u0151rkapit\u00e1nys\u00e1gra, ahol j\u00e1rm\u0171vezet\u00e9s az eltilt\u00e1s hat\u00e1lya alatt b\u0171ntett, valamint ittas j\u00e1rm\u0171vezet\u00e9s v\u00e9ts\u00e9ge miatt gyan\u00fas\u00edtottk\u00e9nt hallgatt\u00e1k ki, tov\u00e1bb\u00e1 szab\u00e1lys\u00e9rt\u00e9s\u00e9rt is feljelentett\u00e9k.<\/p>\n<p>&nbsp;<\/p>\n<p>&nbsp;<\/p>\n","protected":false},"excerpt":{"rendered":"<p>A Veszpr\u00e9mi Rend\u0151rkapit\u00e1nys\u00e1g munkat\u00e1rsai b\u00fcntet\u0151- \u00e9s szab\u00e1lys\u00e9rt\u00e9si elj\u00e1r\u00e1st ind\u00edtottak egy 40 \u00e9ves helyi lakossal szemben. Zircen, az egyik doh\u00e1nybolt el\u0151tt parkolt le m\u00e1rcius 24-\u00e9n d\u00e9lut\u00e1n aut\u00f3j\u00e1val egy 40 \u00e9ves helyi f\u00e9rfi, amikor a j\u00e1r\u0151r\u00f6k igazoltatt\u00e1k. A kor\u00e1bban ittas j\u00e1rm\u0171vezet\u00e9s miatt &hellip; <a href=\"http:\/\/biztonsagosveszprem.hu\/?p=20543\">Egy kattint\u00e1s ide a folytat\u00e1shoz&#8230;. <span class=\"meta-nav\">&rarr;<\/span><\/a><\/p>\n","protected":false},"author":1,"featured_media":0,"comment_status":"closed","ping_status":"open","sticky":false,"template":"","format":"standard","meta":[],"categories":[4,3],"tags":[],"_links":{"self":[{"href":"http:\/\/biztonsagosveszprem.hu\/index.php?rest_route=\/wp\/v2\/posts\/20543"}],"collection":[{"href":"http:\/\/biztonsagosveszprem.hu\/index.php?rest_route=\/wp\/v2\/posts"}],"about":[{"href":"http:\/\/biztonsagosveszprem.hu\/index.php?rest_route=\/wp\/v2\/types\/post"}],"author":[{"embeddable":true,"href":"http:\/\/biztonsagosveszprem.hu\/index.php?rest_route=\/wp\/v2\/users\/1"}],"replies":[{"embeddable":true,"href":"http:\/\/biztonsagosveszprem.hu\/index.php?rest_route=%2Fwp%2Fv2%2Fcomments&post=20543"}],"version-history":[{"count":1,"href":"http:\/\/biztonsagosveszprem.hu\/index.php?rest_route=\/wp\/v2\/posts\/20543\/revisions"}],"predecessor-version":[{"id":20545,"href":"http:\/\/biztonsagosveszprem.hu\/index.php?rest_route=\/wp\/v2\/posts\/20543\/revisions\/20545"}],"wp:attachment":[{"href":"http:\/\/biztonsagosveszprem.hu\/index.php?rest_route=%2Fwp%2Fv2%2Fmedia&parent=20543"}],"wp:term":[{"taxonomy":"category","embeddable":true,"href":"http:\/\/biztonsagosveszprem.hu\/index.php?rest_route=%2Fwp%2Fv2%2Fcategories&post=20543"},{"taxonomy":"post_tag","embeddable":true,"href":"http:\/\/biztonsagosveszprem.hu\/index.php?rest_route=%2Fwp%2Fv2%2Ftags&post=20543"}],"curies":[{"name":"wp","href":"https:\/\/api.w.org\/{rel}","templated":true}]}}