{"id":20537,"date":"2025-03-19T16:34:42","date_gmt":"2025-03-19T15:34:42","guid":{"rendered":"http:\/\/biztonsagosveszprem.hu\/?p=20537"},"modified":"2025-03-19T16:34:42","modified_gmt":"2025-03-19T15:34:42","slug":"legokat-lopott-az-aruhazbol","status":"publish","type":"post","link":"http:\/\/biztonsagosveszprem.hu\/?p=20537","title":{"rendered":"LEG\u00d3KAT LOPOTT AZ \u00c1RUH\u00c1ZB\u00d3L"},"content":{"rendered":"<p><strong>Elfogt\u00e1k a felh\u00edv\u00e1s \u00fatj\u00e1n keresett n\u0151t a rend\u0151r\u00f6k.<\/strong><\/p>\n<p><a href=\"http:\/\/biztonsagosveszprem.hu\/wp-content\/uploads\/2025\/03\/60145_rendorseg_600x400_large_normal_1.jpg\"><img loading=\"lazy\" class=\"aligncenter size-full wp-image-20538\" src=\"http:\/\/biztonsagosveszprem.hu\/wp-content\/uploads\/2025\/03\/60145_rendorseg_600x400_large_normal_1.jpg\" alt=\"\" width=\"751\" height=\"500\" srcset=\"http:\/\/biztonsagosveszprem.hu\/wp-content\/uploads\/2025\/03\/60145_rendorseg_600x400_large_normal_1.jpg 751w, http:\/\/biztonsagosveszprem.hu\/wp-content\/uploads\/2025\/03\/60145_rendorseg_600x400_large_normal_1-300x200.jpg 300w\" sizes=\"(max-width: 751px) 100vw, 751px\" \/><\/a><\/p>\n<p>Bolti lop\u00e1s miatt felh\u00edv\u00e1sban k\u00e9rt a lakoss\u00e1gt\u00f3l seg\u00edts\u00e9get a Veszpr\u00e9mi Rend\u0151rkapit\u00e1nys\u00e1g 2025. m\u00e1rcius 10-\u00e9n. A k\u00f6z\u00f6lt fot\u00f3 alapj\u00e1n siker\u00fclt azonos\u00edtani az elk\u00f6vet\u0151t. A 27 \u00e9ves balatonalm\u00e1di n\u0151t 2025. m\u00e1rcius 18-\u00e1n reggel d\u00e9lel\u0151tt otthon\u00e1b\u00f3l el\u0151\u00e1ll\u00edtott\u00e1k a Veszpr\u00e9mi Rend\u0151rkapit\u00e1nys\u00e1gra \u00e9s lop\u00e1s miatt gyan\u00fas\u00edtottk\u00e9nt hallgatt\u00e1k ki. A b\u0171ncselekm\u00e9nyt egy veszpr\u00e9mi \u00e1ruh\u00e1zban k\u00f6vette el. M\u00e1rcius 14-\u00e9n h\u00e1rom doboz leg\u00f3t lopott el, ezzel t\u00f6bb, mint 50 ezer forintos k\u00e1rt okozva.<\/p>\n<p>A Veszpr\u00e9mi Rend\u0151rkapit\u00e1nys\u00e1g a 27 \u00e9ves balatonalm\u00e1di n\u0151vel szemben folytatott elj\u00e1r\u00e1sban a sz\u00fcks\u00e9ges nyomozati cselekm\u00e9nyeket elv\u00e9gezte, \u00e9s az iratokat \u00e1tadta az \u00fcgy\u00e9szs\u00e9gnek.<\/p>\n","protected":false},"excerpt":{"rendered":"<p>Elfogt\u00e1k a felh\u00edv\u00e1s \u00fatj\u00e1n keresett n\u0151t a rend\u0151r\u00f6k. Bolti lop\u00e1s miatt felh\u00edv\u00e1sban k\u00e9rt a lakoss\u00e1gt\u00f3l seg\u00edts\u00e9get a Veszpr\u00e9mi Rend\u0151rkapit\u00e1nys\u00e1g 2025. m\u00e1rcius 10-\u00e9n. A k\u00f6z\u00f6lt fot\u00f3 alapj\u00e1n siker\u00fclt azonos\u00edtani az elk\u00f6vet\u0151t. A 27 \u00e9ves balatonalm\u00e1di n\u0151t 2025. m\u00e1rcius 18-\u00e1n reggel d\u00e9lel\u0151tt &hellip; <a href=\"http:\/\/biztonsagosveszprem.hu\/?p=20537\">Egy kattint\u00e1s ide a folytat\u00e1shoz&#8230;. <span class=\"meta-nav\">&rarr;<\/span><\/a><\/p>\n","protected":false},"author":1,"featured_media":0,"comment_status":"closed","ping_status":"open","sticky":false,"template":"","format":"standard","meta":[],"categories":[4,3],"tags":[],"_links":{"self":[{"href":"http:\/\/biztonsagosveszprem.hu\/index.php?rest_route=\/wp\/v2\/posts\/20537"}],"collection":[{"href":"http:\/\/biztonsagosveszprem.hu\/index.php?rest_route=\/wp\/v2\/posts"}],"about":[{"href":"http:\/\/biztonsagosveszprem.hu\/index.php?rest_route=\/wp\/v2\/types\/post"}],"author":[{"embeddable":true,"href":"http:\/\/biztonsagosveszprem.hu\/index.php?rest_route=\/wp\/v2\/users\/1"}],"replies":[{"embeddable":true,"href":"http:\/\/biztonsagosveszprem.hu\/index.php?rest_route=%2Fwp%2Fv2%2Fcomments&post=20537"}],"version-history":[{"count":1,"href":"http:\/\/biztonsagosveszprem.hu\/index.php?rest_route=\/wp\/v2\/posts\/20537\/revisions"}],"predecessor-version":[{"id":20539,"href":"http:\/\/biztonsagosveszprem.hu\/index.php?rest_route=\/wp\/v2\/posts\/20537\/revisions\/20539"}],"wp:attachment":[{"href":"http:\/\/biztonsagosveszprem.hu\/index.php?rest_route=%2Fwp%2Fv2%2Fmedia&parent=20537"}],"wp:term":[{"taxonomy":"category","embeddable":true,"href":"http:\/\/biztonsagosveszprem.hu\/index.php?rest_route=%2Fwp%2Fv2%2Fcategories&post=20537"},{"taxonomy":"post_tag","embeddable":true,"href":"http:\/\/biztonsagosveszprem.hu\/index.php?rest_route=%2Fwp%2Fv2%2Ftags&post=20537"}],"curies":[{"name":"wp","href":"https:\/\/api.w.org\/{rel}","templated":true}]}}