{"id":20532,"date":"2025-03-17T12:19:01","date_gmt":"2025-03-17T11:19:01","guid":{"rendered":"http:\/\/biztonsagosveszprem.hu\/?p=20532"},"modified":"2025-03-17T12:19:01","modified_gmt":"2025-03-17T11:19:01","slug":"heti-kozlekedes-biztonsagi-osszefoglalo-22","status":"publish","type":"post","link":"http:\/\/biztonsagosveszprem.hu\/?p=20532","title":{"rendered":"Heti k\u00f6zleked\u00e9s-biztons\u00e1gi \u00f6sszefoglal\u00f3"},"content":{"rendered":"<p style=\"text-align: center;\"><strong>2025. m\u00e1rcius 17.<\/strong><\/p>\n<p>A Veszpr\u00e9mi Rend\u0151rkapit\u00e1nys\u00e1g illet\u00e9kess\u00e9gi ter\u00fclet\u00e9n 2025. m\u00e1rcius 10-\u00e9n 0 \u00f3r\u00e1t\u00f3l m\u00e1rcius 16-\u00e1n 24 \u00f3r\u00e1ig 5 szem\u00e9lyi s\u00e9r\u00fcl\u00e9ssel j\u00e1r\u00f3 k\u00f6z\u00fati k\u00f6zleked\u00e9si baleset t\u00f6rt\u00e9nt. Egy s\u00falyos s\u00e9r\u00fcl\u00e9ses k\u00f6z\u00fati k\u00f6zleked\u00e9si balesetben egy szem\u00e9ly s\u00falyos egy szem\u00e9ly pedig k\u00f6nny\u0171 s\u00e9r\u00fcl\u00e9seket szenvedett. N\u00e9gy k\u00f6nny\u0171 s\u00e9r\u00fcl\u00e9ses k\u00f6z\u00fati k\u00f6zleked\u00e9si balesetben hat szem\u00e9ly szenvedett k\u00f6nny\u0171 s\u00e9r\u00fcl\u00e9seket. A veszpr\u00e9mi rend\u0151r\u00f6k 7 anyagi k\u00e1rral v\u00e9gz\u0151d\u0151 k\u00f6z\u00fati k\u00f6zleked\u00e9si baleset helysz\u00edn\u00e9n int\u00e9zkedtek. Az el\u0151z\u0151 \u00e9v ezen id\u0151szak\u00e1ban egy k\u00f6nny\u0171 s\u00e9r\u00fcl\u00e9ses k\u00f6z\u00fati k\u00f6zleked\u00e9si baleset t\u00f6rt\u00e9nt. El\u0151z\u0151 \u00e9v ezen id\u0151szak\u00e1ban 9 anyagi k\u00e1rral v\u00e9gz\u0151d\u0151 balesetn\u00e9l kellett int\u00e9zkedn\u00fcnk.<\/p>\n<p>2024.03.10. &#8211; 2024.03.16.<\/p>\n<ul>\n<li>Hal\u00e1los 0<\/li>\n<li>S\u00falyos 0<\/li>\n<li>K\u00f6nny\u0171 1<\/li>\n<\/ul>\n<p>2025.03.10. &#8211; 2025.03.16.<\/p>\n<ul>\n<li>Hal\u00e1los 0<\/li>\n<li>S\u00falyos 1<\/li>\n<li>K\u00f6nny\u0171 4<\/li>\n<\/ul>\n<p><u>Balesetek megoszl\u00e1sa KRESZ szab\u00e1lyszeg\u00e9s szerint:<\/u><\/p>\n<p>1 esetben: sebess\u00e9g nem megfelel\u0151 alkalmaz\u00e1sa<br \/>\n2 esetben: els\u0151bbs\u00e9g meg nem ad\u00e1sa k\u00f6z\u00fati jelz\u0151t\u00e1bla utas\u00edt\u00e1sa ellen\u00e9re<br \/>\n1 esetben: k\u00f6vet\u00e9si t\u00e1vols\u00e1g be nem tart\u00e1sa<br \/>\n1 esetben: figyelmetlen, gondatlan vezet\u00e9s<\/p>\n","protected":false},"excerpt":{"rendered":"<p>2025. m\u00e1rcius 17. A Veszpr\u00e9mi Rend\u0151rkapit\u00e1nys\u00e1g illet\u00e9kess\u00e9gi ter\u00fclet\u00e9n 2025. m\u00e1rcius 10-\u00e9n 0 \u00f3r\u00e1t\u00f3l m\u00e1rcius 16-\u00e1n 24 \u00f3r\u00e1ig 5 szem\u00e9lyi s\u00e9r\u00fcl\u00e9ssel j\u00e1r\u00f3 k\u00f6z\u00fati k\u00f6zleked\u00e9si baleset t\u00f6rt\u00e9nt. Egy s\u00falyos s\u00e9r\u00fcl\u00e9ses k\u00f6z\u00fati k\u00f6zleked\u00e9si balesetben egy szem\u00e9ly s\u00falyos egy szem\u00e9ly pedig k\u00f6nny\u0171 s\u00e9r\u00fcl\u00e9seket szenvedett. &hellip; <a href=\"http:\/\/biztonsagosveszprem.hu\/?p=20532\">Egy kattint\u00e1s ide a folytat\u00e1shoz&#8230;. <span class=\"meta-nav\">&rarr;<\/span><\/a><\/p>\n","protected":false},"author":1,"featured_media":0,"comment_status":"closed","ping_status":"open","sticky":false,"template":"","format":"standard","meta":[],"categories":[4,3],"tags":[],"_links":{"self":[{"href":"http:\/\/biztonsagosveszprem.hu\/index.php?rest_route=\/wp\/v2\/posts\/20532"}],"collection":[{"href":"http:\/\/biztonsagosveszprem.hu\/index.php?rest_route=\/wp\/v2\/posts"}],"about":[{"href":"http:\/\/biztonsagosveszprem.hu\/index.php?rest_route=\/wp\/v2\/types\/post"}],"author":[{"embeddable":true,"href":"http:\/\/biztonsagosveszprem.hu\/index.php?rest_route=\/wp\/v2\/users\/1"}],"replies":[{"embeddable":true,"href":"http:\/\/biztonsagosveszprem.hu\/index.php?rest_route=%2Fwp%2Fv2%2Fcomments&post=20532"}],"version-history":[{"count":1,"href":"http:\/\/biztonsagosveszprem.hu\/index.php?rest_route=\/wp\/v2\/posts\/20532\/revisions"}],"predecessor-version":[{"id":20533,"href":"http:\/\/biztonsagosveszprem.hu\/index.php?rest_route=\/wp\/v2\/posts\/20532\/revisions\/20533"}],"wp:attachment":[{"href":"http:\/\/biztonsagosveszprem.hu\/index.php?rest_route=%2Fwp%2Fv2%2Fmedia&parent=20532"}],"wp:term":[{"taxonomy":"category","embeddable":true,"href":"http:\/\/biztonsagosveszprem.hu\/index.php?rest_route=%2Fwp%2Fv2%2Fcategories&post=20532"},{"taxonomy":"post_tag","embeddable":true,"href":"http:\/\/biztonsagosveszprem.hu\/index.php?rest_route=%2Fwp%2Fv2%2Ftags&post=20532"}],"curies":[{"name":"wp","href":"https:\/\/api.w.org\/{rel}","templated":true}]}}