{"id":20479,"date":"2025-02-20T19:54:43","date_gmt":"2025-02-20T18:54:43","guid":{"rendered":"http:\/\/biztonsagosveszprem.hu\/?p=20479"},"modified":"2025-02-20T19:54:43","modified_gmt":"2025-02-20T18:54:43","slug":"lezart-akta-pofon-csattant-a-kutyafuttatoban","status":"publish","type":"post","link":"http:\/\/biztonsagosveszprem.hu\/?p=20479","title":{"rendered":"LEZ\u00c1RT AKTA: POFON CSATTANT A KUTYAFUTTAT\u00d3BAN"},"content":{"rendered":"<p><strong>Ebtulajdonosok keveredtek konfliktusba.<\/strong><\/p>\n<p><a href=\"http:\/\/biztonsagosveszprem.hu\/wp-content\/uploads\/2025\/02\/04_332_15.jpg\"><img loading=\"lazy\" class=\"aligncenter size-full wp-image-20480\" src=\"http:\/\/biztonsagosveszprem.hu\/wp-content\/uploads\/2025\/02\/04_332_15.jpg\" alt=\"\" width=\"751\" height=\"500\" srcset=\"http:\/\/biztonsagosveszprem.hu\/wp-content\/uploads\/2025\/02\/04_332_15.jpg 751w, http:\/\/biztonsagosveszprem.hu\/wp-content\/uploads\/2025\/02\/04_332_15-300x200.jpg 300w\" sizes=\"(max-width: 751px) 100vw, 751px\" \/><\/a><\/p>\n<p>Lez\u00e1rult egy veszpr\u00e9mi kutyafuttat\u00f3ban lezajlott gar\u00e1zdas\u00e1g miatt ind\u00edtott elj\u00e1r\u00e1s a Veszpr\u00e9mi Rend\u0151rkapit\u00e1nys\u00e1gon. Az eset 2024. \u00e1prilis 27-\u00e9n t\u00f6rt\u00e9nt. A gazd\u00e1k k\u00f6z\u00f6tti n\u00e9zetelt\u00e9r\u00e9st az okozta, hogy a z\u00e1rt, kett\u00e9osztott ter\u00fclet k\u00f6z\u00f6tt nyitva felejtett\u00e9k a kaput. Ennek k\u00f6vetkezt\u00e9ben k\u00e9t \u00e1llat \u00e1trohant, \u00e9s megt\u00e1madott egy harmadik ebet.<\/p>\n<p>Id\u0151ben siker\u00fclt sz\u00e9tv\u00e1lasztani az egym\u00e1snak es\u0151 kuty\u00e1kat, \u00edgy sem a gazd\u00e1knak, sem az n\u00e9gyl\u00e1b\u00faaknak nem lett baja. Az ijeds\u00e9get k\u00f6vet\u0151en azonban a k\u00e9t gazda sz\u00f3v\u00e1lt\u00e1sba keveredett, ami tettlegess\u00e9gig fajult. A t\u00e1mad\u00f3 n\u00e9gyl\u00e1b\u00faak gazd\u00e1ja a ker\u00edt\u00e9snek nyomta a n\u0151t.<\/p>\n<p>A Veszpr\u00e9mi Rend\u0151rkapit\u00e1nys\u00e1g a gar\u00e1zdas\u00e1g miatt folytatott elj\u00e1r\u00e1st befejezte, \u00e9s az iratokat \u00e1tadta az \u00fcgy\u00e9szs\u00e9gnek.<\/p>\n","protected":false},"excerpt":{"rendered":"<p>Ebtulajdonosok keveredtek konfliktusba. Lez\u00e1rult egy veszpr\u00e9mi kutyafuttat\u00f3ban lezajlott gar\u00e1zdas\u00e1g miatt ind\u00edtott elj\u00e1r\u00e1s a Veszpr\u00e9mi Rend\u0151rkapit\u00e1nys\u00e1gon. Az eset 2024. \u00e1prilis 27-\u00e9n t\u00f6rt\u00e9nt. A gazd\u00e1k k\u00f6z\u00f6tti n\u00e9zetelt\u00e9r\u00e9st az okozta, hogy a z\u00e1rt, kett\u00e9osztott ter\u00fclet k\u00f6z\u00f6tt nyitva felejtett\u00e9k a kaput. Ennek k\u00f6vetkezt\u00e9ben k\u00e9t &hellip; <a href=\"http:\/\/biztonsagosveszprem.hu\/?p=20479\">Egy kattint\u00e1s ide a folytat\u00e1shoz&#8230;. <span class=\"meta-nav\">&rarr;<\/span><\/a><\/p>\n","protected":false},"author":1,"featured_media":0,"comment_status":"closed","ping_status":"open","sticky":false,"template":"","format":"standard","meta":[],"categories":[4,3],"tags":[],"_links":{"self":[{"href":"http:\/\/biztonsagosveszprem.hu\/index.php?rest_route=\/wp\/v2\/posts\/20479"}],"collection":[{"href":"http:\/\/biztonsagosveszprem.hu\/index.php?rest_route=\/wp\/v2\/posts"}],"about":[{"href":"http:\/\/biztonsagosveszprem.hu\/index.php?rest_route=\/wp\/v2\/types\/post"}],"author":[{"embeddable":true,"href":"http:\/\/biztonsagosveszprem.hu\/index.php?rest_route=\/wp\/v2\/users\/1"}],"replies":[{"embeddable":true,"href":"http:\/\/biztonsagosveszprem.hu\/index.php?rest_route=%2Fwp%2Fv2%2Fcomments&post=20479"}],"version-history":[{"count":1,"href":"http:\/\/biztonsagosveszprem.hu\/index.php?rest_route=\/wp\/v2\/posts\/20479\/revisions"}],"predecessor-version":[{"id":20481,"href":"http:\/\/biztonsagosveszprem.hu\/index.php?rest_route=\/wp\/v2\/posts\/20479\/revisions\/20481"}],"wp:attachment":[{"href":"http:\/\/biztonsagosveszprem.hu\/index.php?rest_route=%2Fwp%2Fv2%2Fmedia&parent=20479"}],"wp:term":[{"taxonomy":"category","embeddable":true,"href":"http:\/\/biztonsagosveszprem.hu\/index.php?rest_route=%2Fwp%2Fv2%2Fcategories&post=20479"},{"taxonomy":"post_tag","embeddable":true,"href":"http:\/\/biztonsagosveszprem.hu\/index.php?rest_route=%2Fwp%2Fv2%2Ftags&post=20479"}],"curies":[{"name":"wp","href":"https:\/\/api.w.org\/{rel}","templated":true}]}}