{"id":20473,"date":"2025-02-19T15:57:45","date_gmt":"2025-02-19T14:57:45","guid":{"rendered":"http:\/\/biztonsagosveszprem.hu\/?p=20473"},"modified":"2025-02-19T15:57:45","modified_gmt":"2025-02-19T14:57:45","slug":"kabitoszert-talaltak-a-korozottnel","status":"publish","type":"post","link":"http:\/\/biztonsagosveszprem.hu\/?p=20473","title":{"rendered":"K\u00c1B\u00cdT\u00d3SZERT TAL\u00c1LTAK A K\u00d6R\u00d6Z\u00d6TTN\u00c9L"},"content":{"rendered":"<p><strong>A rend\u0151r\u00f6k el\u0151\u00e1ll\u00edtott\u00e1k a 37 \u00e9ves hajm\u00e1sk\u00e9ri f\u00e9rfit.<\/strong><\/p>\n<p><a href=\"http:\/\/biztonsagosveszprem.hu\/wp-content\/uploads\/2025\/02\/bilincs_18.jpg\"><img loading=\"lazy\" class=\"aligncenter size-full wp-image-20474\" src=\"http:\/\/biztonsagosveszprem.hu\/wp-content\/uploads\/2025\/02\/bilincs_18.jpg\" alt=\"\" width=\"751\" height=\"500\" srcset=\"http:\/\/biztonsagosveszprem.hu\/wp-content\/uploads\/2025\/02\/bilincs_18.jpg 751w, http:\/\/biztonsagosveszprem.hu\/wp-content\/uploads\/2025\/02\/bilincs_18-300x200.jpg 300w\" sizes=\"(max-width: 751px) 100vw, 751px\" \/><\/a><\/p>\n<div class=\"body-text\">\n<p>A veszpr\u00e9mi rend\u0151r\u00f6k birtok\u00e1ba olyan inform\u00e1ci\u00f3k jutottak a napokban, miszerint az egyik hajm\u00e1sk\u00e9ri lak\u00e1sban egy k\u00f6r\u00f6z\u00f6tt szem\u00e9ly tart\u00f3zkodik. Febru\u00e1r 13-\u00e1n este az egyenruh\u00e1sok elfogt\u00e1k a 37 \u00e9ves helyi lakost, aki ellen a Veszpr\u00e9mi T\u00f6rv\u00e9nysz\u00e9k B\u00fcntet\u00e9s-v\u00e9grehajt\u00e1si Csoportja let\u00f6ltend\u0151 fogh\u00e1zb\u00fcntet\u00e9s miatt elfogat\u00f3parancsot bocs\u00e1tott ki. A f\u00e9rfi nadr\u00e1gzseb\u00e9ben aluf\u00f3li\u00e1ba csomagolt k\u00e1b\u00edt\u00f3szergyan\u00fas feh\u00e9r port tal\u00e1ltak.<\/p>\n<p>El\u0151\u00e1ll\u00edtott\u00e1k, \u00e9s a droggyorsteszt pozit\u00edv \u00e9rt\u00e9ket mutatott n\u00e1la.<\/p>\n<p>A nyomoz\u00f3k k\u00e1b\u00edt\u00f3szer birtokl\u00e1sa miatt kihallgatt\u00e1k, majd a b\u00fcntet\u00e9s-v\u00e9grehajt\u00e1si int\u00e9zetbe sz\u00e1ll\u00edtott\u00e1k.<\/p>\n<\/div>\n","protected":false},"excerpt":{"rendered":"<p>A rend\u0151r\u00f6k el\u0151\u00e1ll\u00edtott\u00e1k a 37 \u00e9ves hajm\u00e1sk\u00e9ri f\u00e9rfit. A veszpr\u00e9mi rend\u0151r\u00f6k birtok\u00e1ba olyan inform\u00e1ci\u00f3k jutottak a napokban, miszerint az egyik hajm\u00e1sk\u00e9ri lak\u00e1sban egy k\u00f6r\u00f6z\u00f6tt szem\u00e9ly tart\u00f3zkodik. Febru\u00e1r 13-\u00e1n este az egyenruh\u00e1sok elfogt\u00e1k a 37 \u00e9ves helyi lakost, aki ellen a &hellip; <a href=\"http:\/\/biztonsagosveszprem.hu\/?p=20473\">Egy kattint\u00e1s ide a folytat\u00e1shoz&#8230;. <span class=\"meta-nav\">&rarr;<\/span><\/a><\/p>\n","protected":false},"author":1,"featured_media":0,"comment_status":"closed","ping_status":"open","sticky":false,"template":"","format":"standard","meta":[],"categories":[4,3],"tags":[],"_links":{"self":[{"href":"http:\/\/biztonsagosveszprem.hu\/index.php?rest_route=\/wp\/v2\/posts\/20473"}],"collection":[{"href":"http:\/\/biztonsagosveszprem.hu\/index.php?rest_route=\/wp\/v2\/posts"}],"about":[{"href":"http:\/\/biztonsagosveszprem.hu\/index.php?rest_route=\/wp\/v2\/types\/post"}],"author":[{"embeddable":true,"href":"http:\/\/biztonsagosveszprem.hu\/index.php?rest_route=\/wp\/v2\/users\/1"}],"replies":[{"embeddable":true,"href":"http:\/\/biztonsagosveszprem.hu\/index.php?rest_route=%2Fwp%2Fv2%2Fcomments&post=20473"}],"version-history":[{"count":1,"href":"http:\/\/biztonsagosveszprem.hu\/index.php?rest_route=\/wp\/v2\/posts\/20473\/revisions"}],"predecessor-version":[{"id":20475,"href":"http:\/\/biztonsagosveszprem.hu\/index.php?rest_route=\/wp\/v2\/posts\/20473\/revisions\/20475"}],"wp:attachment":[{"href":"http:\/\/biztonsagosveszprem.hu\/index.php?rest_route=%2Fwp%2Fv2%2Fmedia&parent=20473"}],"wp:term":[{"taxonomy":"category","embeddable":true,"href":"http:\/\/biztonsagosveszprem.hu\/index.php?rest_route=%2Fwp%2Fv2%2Fcategories&post=20473"},{"taxonomy":"post_tag","embeddable":true,"href":"http:\/\/biztonsagosveszprem.hu\/index.php?rest_route=%2Fwp%2Fv2%2Ftags&post=20473"}],"curies":[{"name":"wp","href":"https:\/\/api.w.org\/{rel}","templated":true}]}}