{"id":20471,"date":"2025-02-17T10:26:18","date_gmt":"2025-02-17T09:26:18","guid":{"rendered":"http:\/\/biztonsagosveszprem.hu\/?p=20471"},"modified":"2025-02-17T10:21:46","modified_gmt":"2025-02-17T09:21:46","slug":"heti-kozlekedes-biztonsagi-osszefoglalo-18","status":"publish","type":"post","link":"http:\/\/biztonsagosveszprem.hu\/?p=20471","title":{"rendered":"Heti k\u00f6zleked\u00e9s-biztons\u00e1gi \u00f6sszefoglal\u00f3"},"content":{"rendered":"<p style=\"text-align: center;\"><strong>2025. febru\u00e1r 17<\/strong><\/p>\n<p style=\"font-weight: 400;\">A Veszpr\u00e9mi Rend\u0151rkapit\u00e1nys\u00e1g illet\u00e9kess\u00e9gi ter\u00fclet\u00e9n 2025. febru\u00e1r 10-\u00e9n 0 \u00f3r\u00e1t\u00f3l febru\u00e1r 16-\u00e1n 24 \u00f3r\u00e1ig 1 szem\u00e9lyi s\u00e9r\u00fcl\u00e9ssel j\u00e1r\u00f3 k\u00f6z\u00fati k\u00f6zleked\u00e9si baleset t\u00f6rt\u00e9nt. Egy k\u00f6nny\u0171 s\u00e9r\u00fcl\u00e9ses k\u00f6z\u00fati k\u00f6zleked\u00e9si balesetben egy szem\u00e9ly szenvedett k\u00f6nny\u0171 s\u00e9r\u00fcl\u00e9seket. A veszpr\u00e9mi rend\u0151r\u00f6k 7 anyagi k\u00e1rral v\u00e9gz\u0151d\u0151 k\u00f6z\u00fati k\u00f6zleked\u00e9si baleset helysz\u00edn\u00e9n int\u00e9zkedtek. Az el\u0151z\u0151 \u00e9v ezen id\u0151szak\u00e1ban egy s\u00falyos s\u00e9r\u00fcl\u00e9ses, valamint kett\u0151 k\u00f6nny\u0171 s\u00e9r\u00fcl\u00e9ses k\u00f6z\u00fati k\u00f6zleked\u00e9si baleset t\u00f6rt\u00e9nt. El\u0151z\u0151 \u00e9v ezen id\u0151szak\u00e1ban h\u00e9t anyagi k\u00e1rral v\u00e9gz\u0151d\u0151 balesetn\u00e9l kellett int\u00e9zkedn\u00fcnk.<\/p>\n<p style=\"font-weight: 400;\">2024.02.10. &#8211; 2024.02.16.<\/p>\n<ul>\n<li>Hal\u00e1los 0<\/li>\n<li>S\u00falyos 1<\/li>\n<li>K\u00f6nny\u0171 2<\/li>\n<\/ul>\n<p style=\"font-weight: 400;\">2025.02.10. &#8211; 2025.02.16.<\/p>\n<ul>\n<li>Hal\u00e1los 0<\/li>\n<li>S\u00falyos 0<\/li>\n<li>K\u00f6nny\u0171 1<\/li>\n<\/ul>\n<p style=\"font-weight: 400;\"><u>Balesetek megoszl\u00e1sa KRESZ szab\u00e1lyszeg\u00e9s szerint:<\/u><\/p>\n<p style=\"font-weight: 400;\">1 esetben: sebess\u00e9g nem megfelel\u0151 alkalmaz\u00e1sa az \u00fatviszonyokhoz<strong>\u00a0<\/strong><\/p>\n<p style=\"font-weight: 400;\"><strong>Dr\u00f3nos ellen\u0151rz\u00e9s a k\u00f6zleked\u0151k biztons\u00e1g\u00e1\u00e9rt<\/strong><\/p>\n<p style=\"font-weight: 400;\">Veszpr\u00e9m v\u00e1rmegye \u00fatjain a rend\u0151r\u00f6k folyamatosan ellen\u0151rz\u00e9seket tartanak a szab\u00e1lyszeg\u0151 sof\u0151r\u00f6k kisz\u0171r\u00e9se \u00e9rdek\u00e9ben. Munk\u00e1jukat sokszor a leveg\u0151b\u0151l dr\u00f3n is seg\u00edti.<\/p>\n<p style=\"font-weight: 400;\">Az elm\u00falt napokban is sz\u00e1mos jogs\u00e9rt\u0151 j\u00e1rm\u0171vezet\u0151t siker\u00fclt dr\u00f3nnal lencsev\u00e9gre kapni, akik a STOP t\u00e1bl\u00e1n\u00e1l nem \u00e1lltak meg.<\/p>\n<p style=\"font-weight: 400;\">A szab\u00e1lyszeg\u0151ket az egyenruh\u00e1sok minden esetben meg\u00e1ll\u00edtott\u00e1k \u00e9s int\u00e9zkedtek vel\u00fck szemben.<\/p>\n<p style=\"font-weight: 400;\">Hangs\u00falyozzuk, hogy az \u201e\u00c1LLJ! Els\u0151bbs\u00e9gad\u00e1s k\u00f6telez\u0151\u201d t\u00e1bla azt jelzi, hogy az \u00fatkeresztez\u0151d\u00e9sn\u00e9l meg kell \u00e1llni, \u00e9s a v\u00e9dett \u00faton \u00e9rkez\u0151 j\u00e1rm\u0171 r\u00e9sz\u00e9re els\u0151bbs\u00e9get kell adni. A v\u00e9dett \u00faton halad\u00f3 j\u00e1rm\u0171vezet\u0151 ilyen esetben nem sz\u00e1m\u00edt arra, hogy az \u00fatkeresztez\u0151d\u00e9sben az els\u0151bbs\u00e9get nem kapja meg, \u00e9s a kialakult v\u00e1ratlan szitu\u00e1ci\u00f3ban m\u00e1ris elker\u00fclhetetlen a trag\u00e9dia! Az els\u0151bbs\u00e9gi jog megs\u00e9rt\u00e9se tov\u00e1bbra is az egyik legf\u0151bb baleseti ok, ez\u00e9rt soha ne kock\u00e1ztasson!<\/p>\n<p style=\"font-weight: 400;\">\u2026hogy mindenki haza\u00e9rjen!<\/p>\n","protected":false},"excerpt":{"rendered":"<p>2025. febru\u00e1r 17 A Veszpr\u00e9mi Rend\u0151rkapit\u00e1nys\u00e1g illet\u00e9kess\u00e9gi ter\u00fclet\u00e9n 2025. febru\u00e1r 10-\u00e9n 0 \u00f3r\u00e1t\u00f3l febru\u00e1r 16-\u00e1n 24 \u00f3r\u00e1ig 1 szem\u00e9lyi s\u00e9r\u00fcl\u00e9ssel j\u00e1r\u00f3 k\u00f6z\u00fati k\u00f6zleked\u00e9si baleset t\u00f6rt\u00e9nt. Egy k\u00f6nny\u0171 s\u00e9r\u00fcl\u00e9ses k\u00f6z\u00fati k\u00f6zleked\u00e9si balesetben egy szem\u00e9ly szenvedett k\u00f6nny\u0171 s\u00e9r\u00fcl\u00e9seket. A veszpr\u00e9mi rend\u0151r\u00f6k 7 &hellip; <a href=\"http:\/\/biztonsagosveszprem.hu\/?p=20471\">Egy kattint\u00e1s ide a folytat\u00e1shoz&#8230;. <span class=\"meta-nav\">&rarr;<\/span><\/a><\/p>\n","protected":false},"author":1,"featured_media":0,"comment_status":"closed","ping_status":"open","sticky":false,"template":"","format":"standard","meta":[],"categories":[4,3],"tags":[],"_links":{"self":[{"href":"http:\/\/biztonsagosveszprem.hu\/index.php?rest_route=\/wp\/v2\/posts\/20471"}],"collection":[{"href":"http:\/\/biztonsagosveszprem.hu\/index.php?rest_route=\/wp\/v2\/posts"}],"about":[{"href":"http:\/\/biztonsagosveszprem.hu\/index.php?rest_route=\/wp\/v2\/types\/post"}],"author":[{"embeddable":true,"href":"http:\/\/biztonsagosveszprem.hu\/index.php?rest_route=\/wp\/v2\/users\/1"}],"replies":[{"embeddable":true,"href":"http:\/\/biztonsagosveszprem.hu\/index.php?rest_route=%2Fwp%2Fv2%2Fcomments&post=20471"}],"version-history":[{"count":1,"href":"http:\/\/biztonsagosveszprem.hu\/index.php?rest_route=\/wp\/v2\/posts\/20471\/revisions"}],"predecessor-version":[{"id":20472,"href":"http:\/\/biztonsagosveszprem.hu\/index.php?rest_route=\/wp\/v2\/posts\/20471\/revisions\/20472"}],"wp:attachment":[{"href":"http:\/\/biztonsagosveszprem.hu\/index.php?rest_route=%2Fwp%2Fv2%2Fmedia&parent=20471"}],"wp:term":[{"taxonomy":"category","embeddable":true,"href":"http:\/\/biztonsagosveszprem.hu\/index.php?rest_route=%2Fwp%2Fv2%2Fcategories&post=20471"},{"taxonomy":"post_tag","embeddable":true,"href":"http:\/\/biztonsagosveszprem.hu\/index.php?rest_route=%2Fwp%2Fv2%2Ftags&post=20471"}],"curies":[{"name":"wp","href":"https:\/\/api.w.org\/{rel}","templated":true}]}}