{"id":20466,"date":"2025-02-17T10:24:40","date_gmt":"2025-02-17T08:24:40","guid":{"rendered":"http:\/\/biztonsagosveszprem.hu\/?p=20466"},"modified":"2025-02-17T10:24:40","modified_gmt":"2025-02-17T08:24:40","slug":"zuzassal-kezdte-az-uj-evet","status":"publish","type":"post","link":"http:\/\/biztonsagosveszprem.hu\/?p=20466","title":{"rendered":"Z\u00daZ\u00c1SSAL KEZDTE AZ \u00daJ \u00c9VET"},"content":{"rendered":"<p><strong>A veszpr\u00e9mi rend\u0151r\u00f6k v\u00e1demel\u00e9si javaslattal z\u00e1rt\u00e1k a gar\u00e1zdas\u00e1g v\u00e9ts\u00e9ge miatt folytatott elj\u00e1r\u00e1st.<\/strong><\/p>\n<p><a href=\"http:\/\/biztonsagosveszprem.hu\/wp-content\/uploads\/2025\/02\/tores-zuzas.jpg\"><img loading=\"lazy\" class=\"aligncenter size-full wp-image-20467\" src=\"http:\/\/biztonsagosveszprem.hu\/wp-content\/uploads\/2025\/02\/tores-zuzas.jpg\" alt=\"\" width=\"751\" height=\"500\" srcset=\"http:\/\/biztonsagosveszprem.hu\/wp-content\/uploads\/2025\/02\/tores-zuzas.jpg 751w, http:\/\/biztonsagosveszprem.hu\/wp-content\/uploads\/2025\/02\/tores-zuzas-300x200.jpg 300w\" sizes=\"(max-width: 751px) 100vw, 751px\" \/><\/a><\/p>\n<p>Mint ahogy arr\u00f3l <a href=\"https:\/\/www.police.hu\/hu\/hirek-es-informaciok\/legfrissebb-hireink\/bunugyek\/garazdasaggal-kezdte-az-uj-evet\">kor\u00e1bban besz\u00e1moltunk<\/a>, egy Veszpr\u00e9m melletti falub\u00f3l az\u00e9rt \u00e9rkezett bejelent\u00e9s szilveszter \u00e9jszak\u00e1j\u00e1n, mert nem sokkal \u00e9jf\u00e9l el\u0151tt egy 28 \u00e9ves f\u00e9rfi t\u00f6rni-z\u00fazni kezdett a telep\u00fcl\u00e9sen m\u0171k\u00f6d\u0151 vir\u00e1gbolt mellett. Az \u00fczlet k\u00f6rnyezet\u00e9ben elhelyezett dekor\u00e1ci\u00f3s elemek, kasp\u00f3k \u00e9s d\u00edszt\u00e1rgyak \u00f6sszet\u00f6rve, sz\u00e9trugdosva hevertek, amikor a j\u00e1r\u0151r\u00f6k ki\u00e9rkeztek.<\/p>\n<p>Az elk\u00f6vet\u0151t a rend\u0151r\u00f6k r\u00f6vid id\u0151n bel\u00fcl felkutatt\u00e1k, \u00e9s december 31-\u00e9n \u00e9jf\u00e9lkor, a telep\u00fcl\u00e9s egyik utc\u00e1j\u00e1n, a f\u00f6ld\u00f6n fekve, kez\u00e9ben az egyik d\u00edszt\u00e1rggyal tal\u00e1lt\u00e1k meg. A 28 \u00e9ves helyi lakost el\u0151\u00e1ll\u00edtott\u00e1k, majd \u2013 \u0151rizetbe v\u00e9tele mellett \u2013 gar\u00e1zdas\u00e1g miatt gyan\u00fas\u00edtottk\u00e9nt hallgatt\u00e1k ki, \u00e9s gar\u00e1zdas\u00e1g v\u00e9ts\u00e9ge miatt indult elj\u00e1r\u00e1s ellene.<\/p>\n<p>A Veszpr\u00e9mi Rend\u0151rkapit\u00e1nys\u00e1g a nyomoz\u00e1s vizsg\u00e1lati szakasz\u00e1ban a sz\u00fcks\u00e9ges elj\u00e1r\u00e1si cselekm\u00e9nyeket elv\u00e9gezte, \u00e9s az iratokat \u00e1tadta az \u00fcgy\u00e9szs\u00e9gnek.<\/p>\n","protected":false},"excerpt":{"rendered":"<p>A veszpr\u00e9mi rend\u0151r\u00f6k v\u00e1demel\u00e9si javaslattal z\u00e1rt\u00e1k a gar\u00e1zdas\u00e1g v\u00e9ts\u00e9ge miatt folytatott elj\u00e1r\u00e1st. Mint ahogy arr\u00f3l kor\u00e1bban besz\u00e1moltunk, egy Veszpr\u00e9m melletti falub\u00f3l az\u00e9rt \u00e9rkezett bejelent\u00e9s szilveszter \u00e9jszak\u00e1j\u00e1n, mert nem sokkal \u00e9jf\u00e9l el\u0151tt egy 28 \u00e9ves f\u00e9rfi t\u00f6rni-z\u00fazni kezdett a telep\u00fcl\u00e9sen m\u0171k\u00f6d\u0151 &hellip; <a href=\"http:\/\/biztonsagosveszprem.hu\/?p=20466\">Egy kattint\u00e1s ide a folytat\u00e1shoz&#8230;. <span class=\"meta-nav\">&rarr;<\/span><\/a><\/p>\n","protected":false},"author":1,"featured_media":0,"comment_status":"closed","ping_status":"open","sticky":false,"template":"","format":"standard","meta":[],"categories":[4,3],"tags":[],"_links":{"self":[{"href":"http:\/\/biztonsagosveszprem.hu\/index.php?rest_route=\/wp\/v2\/posts\/20466"}],"collection":[{"href":"http:\/\/biztonsagosveszprem.hu\/index.php?rest_route=\/wp\/v2\/posts"}],"about":[{"href":"http:\/\/biztonsagosveszprem.hu\/index.php?rest_route=\/wp\/v2\/types\/post"}],"author":[{"embeddable":true,"href":"http:\/\/biztonsagosveszprem.hu\/index.php?rest_route=\/wp\/v2\/users\/1"}],"replies":[{"embeddable":true,"href":"http:\/\/biztonsagosveszprem.hu\/index.php?rest_route=%2Fwp%2Fv2%2Fcomments&post=20466"}],"version-history":[{"count":1,"href":"http:\/\/biztonsagosveszprem.hu\/index.php?rest_route=\/wp\/v2\/posts\/20466\/revisions"}],"predecessor-version":[{"id":20468,"href":"http:\/\/biztonsagosveszprem.hu\/index.php?rest_route=\/wp\/v2\/posts\/20466\/revisions\/20468"}],"wp:attachment":[{"href":"http:\/\/biztonsagosveszprem.hu\/index.php?rest_route=%2Fwp%2Fv2%2Fmedia&parent=20466"}],"wp:term":[{"taxonomy":"category","embeddable":true,"href":"http:\/\/biztonsagosveszprem.hu\/index.php?rest_route=%2Fwp%2Fv2%2Fcategories&post=20466"},{"taxonomy":"post_tag","embeddable":true,"href":"http:\/\/biztonsagosveszprem.hu\/index.php?rest_route=%2Fwp%2Fv2%2Ftags&post=20466"}],"curies":[{"name":"wp","href":"https:\/\/api.w.org\/{rel}","templated":true}]}}