{"id":20461,"date":"2025-02-17T10:25:16","date_gmt":"2025-02-17T08:25:16","guid":{"rendered":"http:\/\/biztonsagosveszprem.hu\/?p=20461"},"modified":"2025-02-17T10:29:14","modified_gmt":"2025-02-17T08:29:14","slug":"negy-ittas-vezetovel-szemben-intezkedtek-a-veszpremi-rendorok","status":"publish","type":"post","link":"http:\/\/biztonsagosveszprem.hu\/?p=20461","title":{"rendered":"N\u00e9gy ittas vezet\u0151vel szemben int\u00e9zkedtek a veszpr\u00e9mi rend\u0151r\u00f6k"},"content":{"rendered":"<p style=\"font-weight: 400;\">Az elm\u00falt h\u00e1rom napban n\u00e9gy ittas vezet\u0151t \u00e1ll\u00edtottak el\u0151, majd ind\u00edtottak b\u00fcntet\u0151elj\u00e1r\u00e1st vel\u00fck szemben a Veszpr\u00e9mi Rend\u0151rkapit\u00e1nys\u00e1g munkat\u00e1rsai.<\/p>\n<p>2025. febru\u00e1r 10 &#8211; 12. k\u00f6z\u00f6tti id\u0151szakban, k\u00f6z\u00fati forgalomban k\u00f6zleked\u0151 n\u00e9gy olyan szem\u00e9lyt igazoltattak a veszpr\u00e9mi rend\u0151r\u00f6k, aki alkoholt fogyasztott a vezet\u00e9st megel\u0151z\u0151en. A j\u00e1rm\u0171vezet\u0151kkel szemben alkalmazott alkoholszond\u00e1s ellen\u0151rz\u00e9s mind a n\u00e9gy esetben pozit\u00edv \u00e9rt\u00e9ket mutatott, \u00edgy a sof\u0151r\u00f6ket az int\u00e9zked\u0151 rend\u0151r\u00f6k el\u0151\u00e1ll\u00edtott\u00e1k a Veszpr\u00e9mi Rend\u0151rkapit\u00e1nys\u00e1gra, majd a vezet\u0151i enged\u00e9lyek bevon\u00e1sa mellett ellen\u00fck j\u00e1rm\u0171vezet\u00e9s ittas \u00e1llapotban v\u00e9ts\u00e9g\u00e9nek gyan\u00faja miatt indult b\u00fcntet\u0151elj\u00e1r\u00e1s.<\/p>\n<p style=\"font-weight: 400;\">Az int\u00e9zked\u00e9s al\u00e1 vont szem\u00e9lyek k\u00f6z\u00fcl egy esetben a Veszpr\u00e9m v\u00e1ros ter\u00fclet\u00e9n k\u00f6zleked\u0151 j\u00e1rm\u0171vezet\u0151 nem biztos\u00edtott els\u0151bbs\u00e9get egy szab\u00e1lyosan k\u00f6zleked\u0151 g\u00e9pj\u00e1rm\u0171nek, \u00edgy a k\u00e9t aut\u00f3 \u00f6ssze\u00fctk\u00f6z\u00f6tt. Szem\u00e9lyi s\u00e9r\u00fcl\u00e9s szerencs\u00e9re nem t\u00f6rt\u00e9nt, azonban az alkoholszond\u00e1s ellen\u0151rz\u00e9s sor\u00e1n kider\u00fclt, hogy a balesetet okoz\u00f3 g\u00e9pj\u00e1rm\u0171vezet\u0151 alkoholt fogyasztott.<\/p>\n<p style=\"font-weight: 400;\">Az ittass\u00e1g ter\u00e9n sajnos tov\u00e1bbra is igen magas a l\u00e1tencia. Az alkoholos \u00e1llapotban t\u00f6rt\u00e9n\u0151 j\u00e1rm\u0171vezet\u00e9s, k\u00f6zleked\u00e9s t\u00e1rsadalomra val\u00f3 vesz\u00e9lyess\u00e9ge rendk\u00edv\u00fcl nagy, ez\u00e9rt a rend\u0151rs\u00e9g nagy hangs\u00falyt fektet az ittas j\u00e1rm\u0171vezet\u0151k kisz\u0171r\u00e9s\u00e9re.<\/p>\n<p style=\"font-weight: 400;\">Az alkohol rontja az \u00e9rz\u00e9kel\u00e9si \u00e9s reag\u00e1l\u00e1si k\u00e9pess\u00e9get. Az ittas emberek a k\u00f6rnyezet\u00fckr\u0151l torz k\u00e9pet l\u00e1tnak, \u00edgy j\u00e1rm\u0171vezet\u0151k\u00e9nt nem biztos, hogy j\u00f3l fel tudj\u00e1k m\u00e9rni a t\u00e1vols\u00e1gokat, a k\u00f6zeled\u0151 j\u00e1rm\u0171vek sebess\u00e9g\u00e9t. Emiatt megn\u0151 az es\u00e9lye annak, hogy hib\u00e1znak, balesetet okoznak. A rend\u0151rs\u00e9g k\u00e9ri, hogy ittasan senki ne \u00fclj\u00f6n a vol\u00e1n m\u00f6g\u00e9! Semmi nem lehet ok arra, hogy miut\u00e1n alkoholt ittak, vezessenek, \u00e9s ezzel kock\u00e1ra tegy\u00e9k, vesz\u00e9lyeztess\u00e9k a saj\u00e1t vagy m\u00e1sok \u00e9let\u00e9t, testi \u00e9ps\u00e9g\u00e9t.<\/p>\n<p style=\"font-weight: 400;\"><strong>Az alkohol j\u00e1rm\u0171vezet\u00e9sre gyakorolt hat\u00e1sa miatt megn\u0151 a balesetek kock\u00e1zata, mivel <\/strong><\/p>\n<ul>\n<li>az alkohol rontja az \u00e9rz\u00e9kel\u00e9si \u00e9s reag\u00e1l\u00e1si k\u00e9pess\u00e9get. Az ittas emberek a k\u00f6rnyezet\u00fckr\u0151l torz k\u00e9pet l\u00e1tnak, \u00edgy j\u00e1rm\u0171vezet\u0151k\u00e9nt nem biztos, hogy j\u00f3l fel tudj\u00e1k m\u00e9rni a t\u00e1vols\u00e1gokat, a k\u00f6zeled\u0151 j\u00e1rm\u0171vek sebess\u00e9g\u00e9t,<\/li>\n<li>m\u00e1r alacsony alkoholfogyaszt\u00e1s hat\u00e1s\u00e1ra is jelent\u0151en romlik a s\u00e1vtart\u00e1s pontoss\u00e1ga, nagyobb lesz a s\u00e1velhagy\u00e1sok val\u00f3sz\u00edn\u0171s\u00e9ge a j\u00f3zan \u00e1llapothoz k\u00e9pest,<\/li>\n<li>a kialvatlan, f\u00e1radt \u00e1llapotban elfogyasztott eg\u00e9szen kis mennyis\u00e9g\u0171 alkohol nagym\u00e9rt\u00e9kben n\u00f6veli a j\u00e1rm\u0171vezet\u00e9s k\u00f6zbeni elalv\u00e1s vesz\u00e9ly\u00e9t,<\/li>\n<li>a reakci\u00f3id\u0151 meghosszabbodik, n\u0151 a hib\u00e1s d\u00f6nt\u00e9sek sz\u00e1ma, cs\u00f6kken a felel\u0151ss\u00e9g\u00e9rzet.<\/li>\n<\/ul>\n<p style=\"font-weight: 400;\">A Veszpr\u00e9mi Rend\u0151rkapit\u00e1nys\u00e1g ez\u00faton k\u00e9ri, hogy ittasan senki ne \u00fclj\u00f6n a vol\u00e1n m\u00f6g\u00e9! Semmi nem lehet ok arra, hogy miut\u00e1n alkoholt ittak vezessenek, \u00e9s ezzel kock\u00e1ra tegy\u00e9k, vesz\u00e9lyeztess\u00e9k a saj\u00e1t vagy m\u00e1sok \u00e9let\u00e9t, testi \u00e9ps\u00e9g\u00e9t.<\/p>\n<p style=\"font-weight: 400;\"><strong>\u2026 hogy mindenki haza\u00e9rjen!<\/strong><\/p>\n","protected":false},"excerpt":{"rendered":"<p>Az elm\u00falt h\u00e1rom napban n\u00e9gy ittas vezet\u0151t \u00e1ll\u00edtottak el\u0151, majd ind\u00edtottak b\u00fcntet\u0151elj\u00e1r\u00e1st vel\u00fck szemben a Veszpr\u00e9mi Rend\u0151rkapit\u00e1nys\u00e1g munkat\u00e1rsai. 2025. febru\u00e1r 10 &#8211; 12. k\u00f6z\u00f6tti id\u0151szakban, k\u00f6z\u00fati forgalomban k\u00f6zleked\u0151 n\u00e9gy olyan szem\u00e9lyt igazoltattak a veszpr\u00e9mi rend\u0151r\u00f6k, aki alkoholt fogyasztott a vezet\u00e9st &hellip; <a href=\"http:\/\/biztonsagosveszprem.hu\/?p=20461\">Egy kattint\u00e1s ide a folytat\u00e1shoz&#8230;. <span class=\"meta-nav\">&rarr;<\/span><\/a><\/p>\n","protected":false},"author":1,"featured_media":0,"comment_status":"closed","ping_status":"open","sticky":false,"template":"","format":"standard","meta":[],"categories":[4,3],"tags":[],"_links":{"self":[{"href":"http:\/\/biztonsagosveszprem.hu\/index.php?rest_route=\/wp\/v2\/posts\/20461"}],"collection":[{"href":"http:\/\/biztonsagosveszprem.hu\/index.php?rest_route=\/wp\/v2\/posts"}],"about":[{"href":"http:\/\/biztonsagosveszprem.hu\/index.php?rest_route=\/wp\/v2\/types\/post"}],"author":[{"embeddable":true,"href":"http:\/\/biztonsagosveszprem.hu\/index.php?rest_route=\/wp\/v2\/users\/1"}],"replies":[{"embeddable":true,"href":"http:\/\/biztonsagosveszprem.hu\/index.php?rest_route=%2Fwp%2Fv2%2Fcomments&post=20461"}],"version-history":[{"count":1,"href":"http:\/\/biztonsagosveszprem.hu\/index.php?rest_route=\/wp\/v2\/posts\/20461\/revisions"}],"predecessor-version":[{"id":20462,"href":"http:\/\/biztonsagosveszprem.hu\/index.php?rest_route=\/wp\/v2\/posts\/20461\/revisions\/20462"}],"wp:attachment":[{"href":"http:\/\/biztonsagosveszprem.hu\/index.php?rest_route=%2Fwp%2Fv2%2Fmedia&parent=20461"}],"wp:term":[{"taxonomy":"category","embeddable":true,"href":"http:\/\/biztonsagosveszprem.hu\/index.php?rest_route=%2Fwp%2Fv2%2Fcategories&post=20461"},{"taxonomy":"post_tag","embeddable":true,"href":"http:\/\/biztonsagosveszprem.hu\/index.php?rest_route=%2Fwp%2Fv2%2Ftags&post=20461"}],"curies":[{"name":"wp","href":"https:\/\/api.w.org\/{rel}","templated":true}]}}