{"id":20458,"date":"2025-02-13T19:02:00","date_gmt":"2025-02-13T17:02:00","guid":{"rendered":"http:\/\/biztonsagosveszprem.hu\/?p=20458"},"modified":"2025-02-13T19:02:00","modified_gmt":"2025-02-13T17:02:00","slug":"rendorkezen-egy-maganlakserto","status":"publish","type":"post","link":"http:\/\/biztonsagosveszprem.hu\/?p=20458","title":{"rendered":"REND\u0150RK\u00c9ZEN EGY MAG\u00c1NLAKS\u00c9RT\u0150"},"content":{"rendered":"<p><strong>A Veszpr\u00e9mi Rend\u0151rkapit\u00e1nys\u00e1g munkat\u00e1rsai \u0151rizetbe vettek egy 57 \u00e9ves budapesti f\u00e9rfit.<\/strong><\/p>\n<p><a href=\"http:\/\/biztonsagosveszprem.hu\/wp-content\/uploads\/2025\/02\/maganlakserto1_0.jpg\"><img loading=\"lazy\" class=\"aligncenter size-full wp-image-20459\" src=\"http:\/\/biztonsagosveszprem.hu\/wp-content\/uploads\/2025\/02\/maganlakserto1_0.jpg\" alt=\"\" width=\"751\" height=\"500\" srcset=\"http:\/\/biztonsagosveszprem.hu\/wp-content\/uploads\/2025\/02\/maganlakserto1_0.jpg 751w, http:\/\/biztonsagosveszprem.hu\/wp-content\/uploads\/2025\/02\/maganlakserto1_0-300x200.jpg 300w\" sizes=\"(max-width: 751px) 100vw, 751px\" \/><\/a><\/p>\n<p>Febru\u00e1r 12-\u00e9n este \u00e9rkezett bejelent\u00e9s a rend\u0151rs\u00e9gre egy veszpr\u00e9mi vend\u00e9gh\u00e1z tulajdonos\u00e1t\u00f3l, aki biztons\u00e1gi kamer\u00e1j\u00e1n \u00e9szrevette, amint valaki bemegy az ingatlan pinc\u00e9j\u00e9be, \u00e9s ott pakol\u00e1szik.<\/p>\n<p>A rend\u0151r\u00f6k megl\u00e1tt\u00e1k a helysz\u00ednen a f\u00e9rfit az ingatlan bels\u0151 udvar\u00e1n, majd amint felfigyelt a jelenl\u00e9t\u00fckre, hirtelen az ellenkez\u0151 ir\u00e1nyba pr\u00f3b\u00e1lt t\u00e1vozni. A rend\u0151r\u00f6k elfogt\u00e1k, majd el\u0151\u00e1ll\u00edtott\u00e1k, \u00e9s \u0151rizetbe v\u00e9tele mellett a nyomoz\u00f3k mag\u00e1nlaks\u00e9rt\u00e9s b\u0171ntett megalapozott gyan\u00faja miatt hallgatt\u00e1k ki.<\/p>\n","protected":false},"excerpt":{"rendered":"<p>A Veszpr\u00e9mi Rend\u0151rkapit\u00e1nys\u00e1g munkat\u00e1rsai \u0151rizetbe vettek egy 57 \u00e9ves budapesti f\u00e9rfit. Febru\u00e1r 12-\u00e9n este \u00e9rkezett bejelent\u00e9s a rend\u0151rs\u00e9gre egy veszpr\u00e9mi vend\u00e9gh\u00e1z tulajdonos\u00e1t\u00f3l, aki biztons\u00e1gi kamer\u00e1j\u00e1n \u00e9szrevette, amint valaki bemegy az ingatlan pinc\u00e9j\u00e9be, \u00e9s ott pakol\u00e1szik. A rend\u0151r\u00f6k megl\u00e1tt\u00e1k a helysz\u00ednen &hellip; <a href=\"http:\/\/biztonsagosveszprem.hu\/?p=20458\">Egy kattint\u00e1s ide a folytat\u00e1shoz&#8230;. <span class=\"meta-nav\">&rarr;<\/span><\/a><\/p>\n","protected":false},"author":1,"featured_media":0,"comment_status":"closed","ping_status":"open","sticky":false,"template":"","format":"standard","meta":[],"categories":[4,3],"tags":[],"_links":{"self":[{"href":"http:\/\/biztonsagosveszprem.hu\/index.php?rest_route=\/wp\/v2\/posts\/20458"}],"collection":[{"href":"http:\/\/biztonsagosveszprem.hu\/index.php?rest_route=\/wp\/v2\/posts"}],"about":[{"href":"http:\/\/biztonsagosveszprem.hu\/index.php?rest_route=\/wp\/v2\/types\/post"}],"author":[{"embeddable":true,"href":"http:\/\/biztonsagosveszprem.hu\/index.php?rest_route=\/wp\/v2\/users\/1"}],"replies":[{"embeddable":true,"href":"http:\/\/biztonsagosveszprem.hu\/index.php?rest_route=%2Fwp%2Fv2%2Fcomments&post=20458"}],"version-history":[{"count":1,"href":"http:\/\/biztonsagosveszprem.hu\/index.php?rest_route=\/wp\/v2\/posts\/20458\/revisions"}],"predecessor-version":[{"id":20460,"href":"http:\/\/biztonsagosveszprem.hu\/index.php?rest_route=\/wp\/v2\/posts\/20458\/revisions\/20460"}],"wp:attachment":[{"href":"http:\/\/biztonsagosveszprem.hu\/index.php?rest_route=%2Fwp%2Fv2%2Fmedia&parent=20458"}],"wp:term":[{"taxonomy":"category","embeddable":true,"href":"http:\/\/biztonsagosveszprem.hu\/index.php?rest_route=%2Fwp%2Fv2%2Fcategories&post=20458"},{"taxonomy":"post_tag","embeddable":true,"href":"http:\/\/biztonsagosveszprem.hu\/index.php?rest_route=%2Fwp%2Fv2%2Ftags&post=20458"}],"curies":[{"name":"wp","href":"https:\/\/api.w.org\/{rel}","templated":true}]}}