{"id":20450,"date":"2025-02-07T20:19:51","date_gmt":"2025-02-07T18:19:51","guid":{"rendered":"http:\/\/biztonsagosveszprem.hu\/?p=20450"},"modified":"2025-02-07T20:19:51","modified_gmt":"2025-02-07T18:19:51","slug":"ismet-orizetben-a-konnyelmu-fiatal","status":"publish","type":"post","link":"http:\/\/biztonsagosveszprem.hu\/?p=20450","title":{"rendered":"ISM\u00c9T \u0150RIZETBEN A K\u00d6NNYELM\u0170 FIATAL"},"content":{"rendered":"<p><strong>Kivonta mag\u00e1t a b\u0171n\u00fcgyi fel\u00fcgyelet al\u00f3l egy 14 \u00e9ves veszpr\u00e9mi fiatal, de nem volt szerencs\u00e9je, elfogt\u00e1k \u00e9s \u00fajra \u0151rizetbe vett\u00e9k.<\/strong><\/p>\n<p><a href=\"http:\/\/biztonsagosveszprem.hu\/wp-content\/uploads\/2025\/02\/orizet1.jpg\"><img loading=\"lazy\" class=\"aligncenter size-full wp-image-20451\" src=\"http:\/\/biztonsagosveszprem.hu\/wp-content\/uploads\/2025\/02\/orizet1.jpg\" alt=\"\" width=\"751\" height=\"500\" srcset=\"http:\/\/biztonsagosveszprem.hu\/wp-content\/uploads\/2025\/02\/orizet1.jpg 751w, http:\/\/biztonsagosveszprem.hu\/wp-content\/uploads\/2025\/02\/orizet1-300x200.jpg 300w\" sizes=\"(max-width: 751px) 100vw, 751px\" \/><\/a><\/p>\n<div class=\"body-text\">\n<p>Mint ahogy arr\u00f3l kor\u00e1bban besz\u00e1moltunk, egy 14 \u00e9ves veszpr\u00e9mi fiatal t\u00e1rs\u00e1val 2025. janu\u00e1r elej\u00e9n h\u00e1rom elektromos ker\u00e9kp\u00e1rt t\u00e9pett ki a dokkol\u00f3b\u00f3l \u00e9s kett\u0151t magukkal is vittek. Az elk\u00f6vet\u0151ket r\u00f6vid id\u0151n bel\u00fcl azonos\u00edtott\u00e1k \u00e9s elfogt\u00e1k a rend\u0151r\u00f6k. Rong\u00e1l\u00e1s miatt kihallgatt\u00e1k \u0151ket, \u00e9s szab\u00e1lys\u00e9rt\u00e9si elj\u00e1r\u00e1st is ind\u00edtottak vel\u00fck szemben.<\/p>\n<p>A k\u00e9t fiatal ezut\u00e1n sem t\u00e9tlenkedett, p\u00e1r nappal k\u00e9s\u0151bb egy nyitva hagyott aut\u00f3 ajtaj\u00e1t nyitott\u00e1k ki, \u00e9s t\u00f6bb bankk\u00e1rty\u00e1t, valamint a s\u00e9rtett okm\u00e1nyait lopt\u00e1k el. Ezen k\u00edv\u00fcl egy ker\u00e9kp\u00e1rt\u00e1rol\u00f3b\u00f3l elektromos rollert, egy \u00fczlet el\u0151l goly\u00f3s cukorkaautomat\u00e1t, valamint t\u00f6bb \u00fczletb\u0151l ruhanem\u0171ket tulajdon\u00edtottak el.<\/p>\n<p>A veszpr\u00e9mi rend\u0151r\u00f6k 2025. janu\u00e1r 18-\u00e1n elfogt\u00e1k a tetteseket, \u0151rizetbe v\u00e9tel\u00fck mellett t\u00f6bbrendbeli lop\u00e1s miatt kihallgatt\u00e1k \u0151ket, \u00e9s kezdem\u00e9nyezt\u00e9k a letart\u00f3ztat\u00e1sukat, amelyet a Veszpr\u00e9mi J\u00e1r\u00e1sb\u00edr\u00f3s\u00e1g a 14 \u00e9ves elk\u00f6vet\u0151vel szemben b\u0171n\u00fcgyi fel\u00fcgyeletre v\u00e1ltoztatott, eszerint otthon\u00e1ban tart\u00f3zkodhatott, azt csak k\u00fcl\u00f6n enged\u00e9llyel hagyhatta el.<\/p>\n<p>A fiatal elk\u00f6vet\u0151 azonban fittyet h\u00e1nyt a b\u0171n\u00fcgyi fel\u00fcgyelet szab\u00e1lyaira, \u00e9s egy rend\u0151ri ellen\u0151rz\u00e9s ut\u00e1n t\u00e1vozott otthon\u00e1b\u00f3l.<\/p>\n<p>A Veszpr\u00e9mi Rend\u0151rkapit\u00e1nys\u00e1g munkat\u00e1rsai a bejelent\u00e9st k\u00f6vet\u0151en azonnal a 14 \u00e9ves fi\u00fa keres\u00e9s\u00e9re indultak, \u00e9s szolg\u00e1lati kutya seg\u00edts\u00e9g\u00e9vel 2025. febru\u00e1r 6-\u00e1n \u00e9jszaka Veszpr\u00e9mben elfogt\u00e1k. A nyomoz\u00f3k ism\u00e9t \u0151rizetbe vett\u00e9k, \u00e9s kezdem\u00e9nyezt\u00e9k a letart\u00f3ztat\u00e1s\u00e1t.<\/p>\n<\/div>\n","protected":false},"excerpt":{"rendered":"<p>Kivonta mag\u00e1t a b\u0171n\u00fcgyi fel\u00fcgyelet al\u00f3l egy 14 \u00e9ves veszpr\u00e9mi fiatal, de nem volt szerencs\u00e9je, elfogt\u00e1k \u00e9s \u00fajra \u0151rizetbe vett\u00e9k. Mint ahogy arr\u00f3l kor\u00e1bban besz\u00e1moltunk, egy 14 \u00e9ves veszpr\u00e9mi fiatal t\u00e1rs\u00e1val 2025. janu\u00e1r elej\u00e9n h\u00e1rom elektromos ker\u00e9kp\u00e1rt t\u00e9pett ki a &hellip; <a href=\"http:\/\/biztonsagosveszprem.hu\/?p=20450\">Egy kattint\u00e1s ide a folytat\u00e1shoz&#8230;. <span class=\"meta-nav\">&rarr;<\/span><\/a><\/p>\n","protected":false},"author":1,"featured_media":0,"comment_status":"closed","ping_status":"open","sticky":false,"template":"","format":"standard","meta":[],"categories":[4,3],"tags":[],"_links":{"self":[{"href":"http:\/\/biztonsagosveszprem.hu\/index.php?rest_route=\/wp\/v2\/posts\/20450"}],"collection":[{"href":"http:\/\/biztonsagosveszprem.hu\/index.php?rest_route=\/wp\/v2\/posts"}],"about":[{"href":"http:\/\/biztonsagosveszprem.hu\/index.php?rest_route=\/wp\/v2\/types\/post"}],"author":[{"embeddable":true,"href":"http:\/\/biztonsagosveszprem.hu\/index.php?rest_route=\/wp\/v2\/users\/1"}],"replies":[{"embeddable":true,"href":"http:\/\/biztonsagosveszprem.hu\/index.php?rest_route=%2Fwp%2Fv2%2Fcomments&post=20450"}],"version-history":[{"count":1,"href":"http:\/\/biztonsagosveszprem.hu\/index.php?rest_route=\/wp\/v2\/posts\/20450\/revisions"}],"predecessor-version":[{"id":20452,"href":"http:\/\/biztonsagosveszprem.hu\/index.php?rest_route=\/wp\/v2\/posts\/20450\/revisions\/20452"}],"wp:attachment":[{"href":"http:\/\/biztonsagosveszprem.hu\/index.php?rest_route=%2Fwp%2Fv2%2Fmedia&parent=20450"}],"wp:term":[{"taxonomy":"category","embeddable":true,"href":"http:\/\/biztonsagosveszprem.hu\/index.php?rest_route=%2Fwp%2Fv2%2Fcategories&post=20450"},{"taxonomy":"post_tag","embeddable":true,"href":"http:\/\/biztonsagosveszprem.hu\/index.php?rest_route=%2Fwp%2Fv2%2Ftags&post=20450"}],"curies":[{"name":"wp","href":"https:\/\/api.w.org\/{rel}","templated":true}]}}