{"id":20442,"date":"2025-02-03T18:52:12","date_gmt":"2025-02-03T16:52:12","guid":{"rendered":"http:\/\/biztonsagosveszprem.hu\/?p=20442"},"modified":"2025-02-03T18:52:12","modified_gmt":"2025-02-03T16:52:12","slug":"drog-hatasa-alatt-feszitovassal-tort-be-ajtokat","status":"publish","type":"post","link":"http:\/\/biztonsagosveszprem.hu\/?p=20442","title":{"rendered":"DROG HAT\u00c1SA ALATT FESZ\u00cdT\u0150VASSAL T\u00d6RT BE AJT\u00d3KAT"},"content":{"rendered":"<p><strong>A veszpr\u00e9mi rend\u0151r\u00f6k elfogtak egy 38 \u00e9ves helyi f\u00e9rfit, majd \u0151rizetbe vett\u00e9k.<\/strong><\/p>\n<p><a href=\"http:\/\/biztonsagosveszprem.hu\/wp-content\/uploads\/2025\/02\/rendor1_1_7.jpg\"><img loading=\"lazy\" class=\"aligncenter size-full wp-image-20443\" src=\"http:\/\/biztonsagosveszprem.hu\/wp-content\/uploads\/2025\/02\/rendor1_1_7.jpg\" alt=\"\" width=\"751\" height=\"500\" srcset=\"http:\/\/biztonsagosveszprem.hu\/wp-content\/uploads\/2025\/02\/rendor1_1_7.jpg 751w, http:\/\/biztonsagosveszprem.hu\/wp-content\/uploads\/2025\/02\/rendor1_1_7-300x200.jpg 300w\" sizes=\"(max-width: 751px) 100vw, 751px\" \/><\/a><\/p>\n<p>Egy veszpr\u00e9mi t\u00e1rsash\u00e1zb\u00f3l \u00e9rkezett bejelent\u00e9s a rend\u0151rs\u00e9gre febru\u00e1r 1-j\u00e9n hajnalban arr\u00f3l, hogy egy agressz\u00edv f\u00e9rfi \u00e9jf\u00e9l \u00f3ta kiab\u00e1lt, k\u00e1romkodott az egyik emeleti folyos\u00f3n, egy fesz\u00edt\u0151vassal fenyeget\u0151z\u00f6tt, \u00e9s felt\u00f6rt t\u00f6bb ajt\u00f3t. A 38 \u00e9ves elk\u00f6vet\u0151 csak a rend\u0151r\u00f6k felsz\u00f3l\u00edt\u00e1s\u00e1ra hagyott fel gar\u00e1zda viselked\u00e9s\u00e9vel. A szemmel l\u00e1that\u00f3an b\u00f3dult \u00e1llapot\u00fa f\u00e9rfin\u00e1l a droggyorsteszt pozit\u00edv eredm\u00e9nyt mutatott.<\/p>\n<p>A rend\u0151r\u00f6k elfogt\u00e1k \u00e9s el\u0151\u00e1ll\u00edtott\u00e1k a helyi lakost, majd \u0151rizetbe v\u00e9tele mellett felfegyverkezve elk\u00f6vetett gar\u00e1zdas\u00e1g \u00e9s k\u00e1b\u00edt\u00f3szer birtokl\u00e1sa miatt hallgatt\u00e1k ki. Mivel a k\u00f6zelm\u00faltban t\u00f6bb er\u0151szakos b\u0171ncselekm\u00e9ny miatt indult vele szemben elj\u00e1r\u00e1s, a nyomoz\u00f3k kezdem\u00e9nyezik letart\u00f3ztat\u00e1s\u00e1t.<\/p>\n","protected":false},"excerpt":{"rendered":"<p>A veszpr\u00e9mi rend\u0151r\u00f6k elfogtak egy 38 \u00e9ves helyi f\u00e9rfit, majd \u0151rizetbe vett\u00e9k. Egy veszpr\u00e9mi t\u00e1rsash\u00e1zb\u00f3l \u00e9rkezett bejelent\u00e9s a rend\u0151rs\u00e9gre febru\u00e1r 1-j\u00e9n hajnalban arr\u00f3l, hogy egy agressz\u00edv f\u00e9rfi \u00e9jf\u00e9l \u00f3ta kiab\u00e1lt, k\u00e1romkodott az egyik emeleti folyos\u00f3n, egy fesz\u00edt\u0151vassal fenyeget\u0151z\u00f6tt, \u00e9s felt\u00f6rt &hellip; <a href=\"http:\/\/biztonsagosveszprem.hu\/?p=20442\">Egy kattint\u00e1s ide a folytat\u00e1shoz&#8230;. <span class=\"meta-nav\">&rarr;<\/span><\/a><\/p>\n","protected":false},"author":1,"featured_media":0,"comment_status":"closed","ping_status":"open","sticky":false,"template":"","format":"standard","meta":[],"categories":[4,3],"tags":[],"_links":{"self":[{"href":"http:\/\/biztonsagosveszprem.hu\/index.php?rest_route=\/wp\/v2\/posts\/20442"}],"collection":[{"href":"http:\/\/biztonsagosveszprem.hu\/index.php?rest_route=\/wp\/v2\/posts"}],"about":[{"href":"http:\/\/biztonsagosveszprem.hu\/index.php?rest_route=\/wp\/v2\/types\/post"}],"author":[{"embeddable":true,"href":"http:\/\/biztonsagosveszprem.hu\/index.php?rest_route=\/wp\/v2\/users\/1"}],"replies":[{"embeddable":true,"href":"http:\/\/biztonsagosveszprem.hu\/index.php?rest_route=%2Fwp%2Fv2%2Fcomments&post=20442"}],"version-history":[{"count":1,"href":"http:\/\/biztonsagosveszprem.hu\/index.php?rest_route=\/wp\/v2\/posts\/20442\/revisions"}],"predecessor-version":[{"id":20444,"href":"http:\/\/biztonsagosveszprem.hu\/index.php?rest_route=\/wp\/v2\/posts\/20442\/revisions\/20444"}],"wp:attachment":[{"href":"http:\/\/biztonsagosveszprem.hu\/index.php?rest_route=%2Fwp%2Fv2%2Fmedia&parent=20442"}],"wp:term":[{"taxonomy":"category","embeddable":true,"href":"http:\/\/biztonsagosveszprem.hu\/index.php?rest_route=%2Fwp%2Fv2%2Fcategories&post=20442"},{"taxonomy":"post_tag","embeddable":true,"href":"http:\/\/biztonsagosveszprem.hu\/index.php?rest_route=%2Fwp%2Fv2%2Ftags&post=20442"}],"curies":[{"name":"wp","href":"https:\/\/api.w.org\/{rel}","templated":true}]}}