{"id":20297,"date":"2024-10-14T16:24:26","date_gmt":"2024-10-14T14:24:26","guid":{"rendered":"http:\/\/biztonsagosveszprem.hu\/?p=20297"},"modified":"2024-10-14T16:24:26","modified_gmt":"2024-10-14T14:24:26","slug":"heti-kozlekedes-biztonsagi-osszefoglalo-4","status":"publish","type":"post","link":"http:\/\/biztonsagosveszprem.hu\/?p=20297","title":{"rendered":"Heti k\u00f6zleked\u00e9s-biztons\u00e1gi \u00f6sszefoglal\u00f3"},"content":{"rendered":"<p style=\"text-align: center;\"><strong>2024. okt\u00f3ber 14.<\/strong><\/p>\n<p style=\"font-weight: 400;\">A Veszpr\u00e9mi Rend\u0151rkapit\u00e1nys\u00e1g illet\u00e9kess\u00e9gi ter\u00fclet\u00e9n 2024. okt\u00f3ber 7-\u00e9n 0 \u00f3r\u00e1t\u00f3l okt\u00f3ber 13-\u00e1n 24 \u00f3r\u00e1ig 8 szem\u00e9lyi s\u00e9r\u00fcl\u00e9ssel j\u00e1r\u00f3 k\u00f6z\u00fati k\u00f6zleked\u00e9si baleset t\u00f6rt\u00e9nt. Kett\u0151 s\u00falyos s\u00e9r\u00fcl\u00e9ses k\u00f6z\u00fati k\u00f6zleked\u00e9si balesetben kett\u0151 szem\u00e9ly s\u00falyos s\u00e9r\u00fcl\u00e9seket szenvedett. Hat k\u00f6nny\u0171 s\u00e9r\u00fcl\u00e9ses k\u00f6z\u00fati k\u00f6zleked\u00e9si balesetben h\u00e9t szem\u00e9ly s\u00e9r\u00fclt meg k\u00f6nnyebben. A veszpr\u00e9mi rend\u0151r\u00f6k 8 anyagi k\u00e1rral v\u00e9gz\u0151d\u0151 k\u00f6z\u00fati k\u00f6zleked\u00e9si baleset helysz\u00edn\u00e9n int\u00e9zkedtek. Az el\u0151z\u0151 \u00e9v ezen id\u0151szak\u00e1ban 5 k\u00f6nny\u0171 s\u00e9r\u00fcl\u00e9ses k\u00f6z\u00fati k\u00f6zleked\u00e9si baleset t\u00f6rt\u00e9nt. El\u0151z\u0151 \u00e9v ezen id\u0151szak\u00e1ban nyolc anyagi k\u00e1rral v\u00e9gz\u0151d\u0151 balesetn\u00e9l kellett int\u00e9zkedn\u00fcnk.<\/p>\n<p style=\"font-weight: 400;\">2023.10.07. &#8211; 2023.10.13.<\/p>\n<ul>\n<li>Hal\u00e1los 0<\/li>\n<li>S\u00falyos 0<\/li>\n<li>K\u00f6nny\u0171 5<\/li>\n<\/ul>\n<p style=\"font-weight: 400;\">2024.10.07. &#8211; 2024.10.13.<\/p>\n<ul>\n<li>Hal\u00e1los 0<\/li>\n<li>S\u00falyos 2<\/li>\n<li>K\u00f6nny\u0171 6<\/li>\n<\/ul>\n<p style=\"font-weight: 400;\"><u>Balesetek megoszl\u00e1sa KRESZ szab\u00e1lyszeg\u00e9s szerint:<\/u><\/p>\n<p style=\"font-weight: 400;\">3 esetben: sebess\u00e9g nem megfelel\u0151 alkalmaz\u00e1sa az \u00fatviszonyokhoz<\/p>\n<p style=\"font-weight: 400;\">2 esetben: els\u0151bbs\u00e9g meg nem ad\u00e1sa k\u00f6z\u00fati jelz\u0151t\u00e1bla utas\u00edt\u00e1sa ellen\u00e9re<\/p>\n<p style=\"font-weight: 400;\">3 esetben: els\u0151bbs\u00e9g meg nem ad\u00e1sa gyalogosnak gyalog\u00e1tkel\u0151helyen<\/p>\n<p style=\"font-weight: 400;\"><strong>Hogyan k\u00f6zel\u00edts\u00fck meg a zebr\u00e1t?<\/strong><strong>\u00a0<\/strong><\/p>\n<p style=\"font-weight: 400;\">A gyalogosok\u00a0a k\u00f6z\u00fati k\u00f6zleked\u00e9s\u00a0legv\u00e9dtelenebb szerepl\u0151i. Ennek oka, hogy a gyalogosok teste k\u00f6z\u00fati baleset bek\u00f6vetkez\u00e9se eset\u00e9n gyakorlatilag minden esetben \u00e9rintkezik a j\u00e1rm\u0171vel, s az azt k\u00f6vet\u0151 \u00fattestre es\u00e9s is s\u00falyos k\u00f6vetkezm\u00e9nyekkel j\u00e1rhat. Gyalogosel\u00fct\u00e9s sor\u00e1n soha nem az a k\u00e9rd\u00e9s, hogy t\u00f6rt\u00e9nt-e szem\u00e9lyi s\u00e9r\u00fcl\u00e9s, hanem hogy milyen annak a foka (k\u00f6nny\u0171, s\u00falyos, vagy \u00e9ppen hal\u00e1los). M\u00e9g az alacsony sebess\u00e9ggel t\u00f6rt\u00e9n\u0151 gyalogosel\u00fct\u00e9s is s\u00falyos k\u00f6vetkezm\u00e9nyekkel j\u00e1rhat.<\/p>\n<p style=\"font-weight: 400;\">A hat\u00e1lyos KRESZ el\u0151\u00edr\u00e1sok szerint\u00a0a j\u00e1rm\u0171 vezet\u0151j\u00e9nek a kijel\u00f6lt gyalogos-\u00e1tkel\u0151helyet csak fokozott \u00f3vatoss\u00e1ggal \u00e9s olyan sebess\u00e9ggel szabad megk\u00f6zel\u00edtenie, hogy adott esetben a gyalogos r\u00e9sz\u00e9re els\u0151bbs\u00e9gad\u00e1si k\u00f6telezetts\u00e9g\u00e9nek marad\u00e9ktalanul eleget tudjon tenni.<\/p>\n<p style=\"font-weight: 400;\">Az els\u0151bbs\u00e9g megad\u00e1sa sor\u00e1n minden esetben v\u00e1rjuk meg, m\u00edg a gyalogos fell\u00e9p az \u00fattestr\u0151l a j\u00e1rd\u00e1ra, \u00e9s soha ne pr\u00f3b\u00e1ljunk meg m\u00f6g\u00f6tte elhaladni (kisz\u00e1m\u00edtva azt, hogy \u00fagy sem \u00fctj\u00fck el \u0151t), vagy k\u00e9nyszer\u00edteni a gyalogost a gyorsabb \u00e1thalad\u00e1sra.<\/p>\n<p style=\"font-weight: 400;\">(Forr\u00e1s: Kreszvaltozas.hu)<\/p>\n","protected":false},"excerpt":{"rendered":"<p>2024. okt\u00f3ber 14. A Veszpr\u00e9mi Rend\u0151rkapit\u00e1nys\u00e1g illet\u00e9kess\u00e9gi ter\u00fclet\u00e9n 2024. okt\u00f3ber 7-\u00e9n 0 \u00f3r\u00e1t\u00f3l okt\u00f3ber 13-\u00e1n 24 \u00f3r\u00e1ig 8 szem\u00e9lyi s\u00e9r\u00fcl\u00e9ssel j\u00e1r\u00f3 k\u00f6z\u00fati k\u00f6zleked\u00e9si baleset t\u00f6rt\u00e9nt. Kett\u0151 s\u00falyos s\u00e9r\u00fcl\u00e9ses k\u00f6z\u00fati k\u00f6zleked\u00e9si balesetben kett\u0151 szem\u00e9ly s\u00falyos s\u00e9r\u00fcl\u00e9seket szenvedett. Hat k\u00f6nny\u0171 s\u00e9r\u00fcl\u00e9ses k\u00f6z\u00fati &hellip; <a href=\"http:\/\/biztonsagosveszprem.hu\/?p=20297\">Egy kattint\u00e1s ide a folytat\u00e1shoz&#8230;. <span class=\"meta-nav\">&rarr;<\/span><\/a><\/p>\n","protected":false},"author":1,"featured_media":0,"comment_status":"closed","ping_status":"open","sticky":false,"template":"","format":"standard","meta":[],"categories":[4,11],"tags":[],"_links":{"self":[{"href":"http:\/\/biztonsagosveszprem.hu\/index.php?rest_route=\/wp\/v2\/posts\/20297"}],"collection":[{"href":"http:\/\/biztonsagosveszprem.hu\/index.php?rest_route=\/wp\/v2\/posts"}],"about":[{"href":"http:\/\/biztonsagosveszprem.hu\/index.php?rest_route=\/wp\/v2\/types\/post"}],"author":[{"embeddable":true,"href":"http:\/\/biztonsagosveszprem.hu\/index.php?rest_route=\/wp\/v2\/users\/1"}],"replies":[{"embeddable":true,"href":"http:\/\/biztonsagosveszprem.hu\/index.php?rest_route=%2Fwp%2Fv2%2Fcomments&post=20297"}],"version-history":[{"count":1,"href":"http:\/\/biztonsagosveszprem.hu\/index.php?rest_route=\/wp\/v2\/posts\/20297\/revisions"}],"predecessor-version":[{"id":20298,"href":"http:\/\/biztonsagosveszprem.hu\/index.php?rest_route=\/wp\/v2\/posts\/20297\/revisions\/20298"}],"wp:attachment":[{"href":"http:\/\/biztonsagosveszprem.hu\/index.php?rest_route=%2Fwp%2Fv2%2Fmedia&parent=20297"}],"wp:term":[{"taxonomy":"category","embeddable":true,"href":"http:\/\/biztonsagosveszprem.hu\/index.php?rest_route=%2Fwp%2Fv2%2Fcategories&post=20297"},{"taxonomy":"post_tag","embeddable":true,"href":"http:\/\/biztonsagosveszprem.hu\/index.php?rest_route=%2Fwp%2Fv2%2Ftags&post=20297"}],"curies":[{"name":"wp","href":"https:\/\/api.w.org\/{rel}","templated":true}]}}