{"id":20294,"date":"2024-10-11T11:38:13","date_gmt":"2024-10-11T09:38:13","guid":{"rendered":"http:\/\/biztonsagosveszprem.hu\/?p=20294"},"modified":"2024-10-11T11:38:13","modified_gmt":"2024-10-11T09:38:13","slug":"megvertek-a-kamionsofort","status":"publish","type":"post","link":"http:\/\/biztonsagosveszprem.hu\/?p=20294","title":{"rendered":"Megvert\u00e9k a kamionsof\u0151rt"},"content":{"rendered":"<p><strong>Csoportos gar\u00e1zdas\u00e1g miatt folyt nyomoz\u00e1s h\u00e1rom lengyel f\u00e9rfival szemben.<\/strong><\/p>\n<p><a href=\"http:\/\/biztonsagosveszprem.hu\/wp-content\/uploads\/2024\/10\/auto6_3.jpg\"><img loading=\"lazy\" class=\"aligncenter size-full wp-image-20295\" src=\"http:\/\/biztonsagosveszprem.hu\/wp-content\/uploads\/2024\/10\/auto6_3.jpg\" alt=\"\" width=\"751\" height=\"500\" srcset=\"http:\/\/biztonsagosveszprem.hu\/wp-content\/uploads\/2024\/10\/auto6_3.jpg 751w, http:\/\/biztonsagosveszprem.hu\/wp-content\/uploads\/2024\/10\/auto6_3-300x200.jpg 300w\" sizes=\"(max-width: 751px) 100vw, 751px\" \/><\/a><\/p>\n<p>Egy kamionsof\u0151r az\u00e9rt h\u00edvta fel a 112-es seg\u00e9lyh\u00edv\u00f3t j\u00falius 4-\u00e9n d\u00e9lut\u00e1n, mert egy k\u00f6zleked\u00e9si konfliktust k\u00f6vet\u0151en Veszpr\u00e9m hat\u00e1r\u00e1ban meg\u00e1llt el\u0151tte keresztben egy kisbusz, amelyb\u0151l t\u00f6bb f\u00e9rfi kisz\u00e1llt \u00e9s megvert\u00e9k.<\/p>\n<p>Az elj\u00e1r\u00e1s sor\u00e1n kider\u00fclt, hogy a k\u00f6zleked\u00e9si konfliktus alapja az volt, hogy a kisbusszal k\u00f6zleked\u0151 k\u00fclf\u00f6ldi f\u00e9rfiak \u00fagy \u00e9rz\u00e9kelt\u00e9k, hogy a kamionos le akarja \u0151ket szor\u00edtani a k\u00f6rforgalomban. A megvert f\u00e9rfi nyolc napon bel\u00fcl gy\u00f3gyul\u00f3 s\u00e9r\u00fcl\u00e9seket szenvedett. Az elk\u00f6vet\u0151kkel szemben csoportos gar\u00e1zdas\u00e1g b\u0171ntette miatt indult b\u00fcntet\u0151elj\u00e1r\u00e1s. A nyomoz\u00e1s sor\u00e1n egy haz\u00e1nkban nyaral\u00f3 kilencf\u0151s lengyel t\u00e1rsas\u00e1gra terel\u0151d\u00f6tt a gyan\u00fa. K\u00f6z\u00fcl\u00fck h\u00e1rom f\u00e9rfit kihallgattak a veszpr\u00e9mi rend\u0151r\u00f6k csoportos gar\u00e1zdas\u00e1g, illetve k\u00f6nny\u0171 testi s\u00e9rt\u00e9s miatt.<\/p>\n<p>A Veszpr\u00e9mi Rend\u0151rkapit\u00e1nys\u00e1g a sz\u00fcks\u00e9ges nyomozati cselekm\u00e9nyeket elv\u00e9gezte, \u00e9s az iratokat \u00e1tadta az \u00fcgy\u00e9szs\u00e9gnek.<\/p>\n","protected":false},"excerpt":{"rendered":"<p>Csoportos gar\u00e1zdas\u00e1g miatt folyt nyomoz\u00e1s h\u00e1rom lengyel f\u00e9rfival szemben. Egy kamionsof\u0151r az\u00e9rt h\u00edvta fel a 112-es seg\u00e9lyh\u00edv\u00f3t j\u00falius 4-\u00e9n d\u00e9lut\u00e1n, mert egy k\u00f6zleked\u00e9si konfliktust k\u00f6vet\u0151en Veszpr\u00e9m hat\u00e1r\u00e1ban meg\u00e1llt el\u0151tte keresztben egy kisbusz, amelyb\u0151l t\u00f6bb f\u00e9rfi kisz\u00e1llt \u00e9s megvert\u00e9k. Az elj\u00e1r\u00e1s &hellip; <a href=\"http:\/\/biztonsagosveszprem.hu\/?p=20294\">Egy kattint\u00e1s ide a folytat\u00e1shoz&#8230;. <span class=\"meta-nav\">&rarr;<\/span><\/a><\/p>\n","protected":false},"author":1,"featured_media":0,"comment_status":"closed","ping_status":"open","sticky":false,"template":"","format":"standard","meta":[],"categories":[4,3],"tags":[],"_links":{"self":[{"href":"http:\/\/biztonsagosveszprem.hu\/index.php?rest_route=\/wp\/v2\/posts\/20294"}],"collection":[{"href":"http:\/\/biztonsagosveszprem.hu\/index.php?rest_route=\/wp\/v2\/posts"}],"about":[{"href":"http:\/\/biztonsagosveszprem.hu\/index.php?rest_route=\/wp\/v2\/types\/post"}],"author":[{"embeddable":true,"href":"http:\/\/biztonsagosveszprem.hu\/index.php?rest_route=\/wp\/v2\/users\/1"}],"replies":[{"embeddable":true,"href":"http:\/\/biztonsagosveszprem.hu\/index.php?rest_route=%2Fwp%2Fv2%2Fcomments&post=20294"}],"version-history":[{"count":1,"href":"http:\/\/biztonsagosveszprem.hu\/index.php?rest_route=\/wp\/v2\/posts\/20294\/revisions"}],"predecessor-version":[{"id":20296,"href":"http:\/\/biztonsagosveszprem.hu\/index.php?rest_route=\/wp\/v2\/posts\/20294\/revisions\/20296"}],"wp:attachment":[{"href":"http:\/\/biztonsagosveszprem.hu\/index.php?rest_route=%2Fwp%2Fv2%2Fmedia&parent=20294"}],"wp:term":[{"taxonomy":"category","embeddable":true,"href":"http:\/\/biztonsagosveszprem.hu\/index.php?rest_route=%2Fwp%2Fv2%2Fcategories&post=20294"},{"taxonomy":"post_tag","embeddable":true,"href":"http:\/\/biztonsagosveszprem.hu\/index.php?rest_route=%2Fwp%2Fv2%2Ftags&post=20294"}],"curies":[{"name":"wp","href":"https:\/\/api.w.org\/{rel}","templated":true}]}}